{"id":6492,"date":"2025-09-30T10:50:25","date_gmt":"2025-09-30T13:50:25","guid":{"rendered":"https:\/\/defiendase.com\/?p=6492"},"modified":"2025-09-30T10:54:17","modified_gmt":"2025-09-30T13:54:17","slug":"cantos-antisemitas-el-gobierno-imputo-a-la-la-empresa-de-viajes-de-egresados-baxtter","status":"publish","type":"post","link":"https:\/\/defiendase.com\/index.php\/cantos-antisemitas-el-gobierno-imputo-a-la-la-empresa-de-viajes-de-egresados-baxtter\/","title":{"rendered":"Cantos antisemitas: El Gobierno imput\u00f3 a la la empresa de viajes de egresados Baxtter"},"content":{"rendered":"\n<p>Tras el escandaloso video en el que se ve c\u00f3mo un grupo de chicos de un viaje de egresados entona cantos antisemitas y es alentado por un coordinador, &nbsp;el Gobierno denunci\u00f3 a la empresa de turismo Baxtter por presunta violaci\u00f3n a los derechos de los consumidores.<\/p>\n\n\n\n<p>La imputaci\u00f3n se fundamenta en posibles infracciones a la Ley 24.240 de Defensa del Consumidor, en particular a los art\u00edculos 5\u00ba y 8\u00ba bis, que obligan a las empresas a garantizar un trato digno, equitativo y respetuoso hacia los consumidores. Estas disposiciones tambi\u00e9n proh\u00edben pr\u00e1cticas que expongan a los usuarios a situaciones humillantes, discriminatorias o intimidatorias.<\/p>\n\n\n\n<p>El caso, ya de por s\u00ed indignante, cobra especial relevancia porque el coordinador de la empresa no s\u00f3lo no intervino, sino que habr\u00eda incentivado esos cantos discriminatorios dirigidos a alumnos del colegio ORT.<\/p>\n\n\n\n<figure class=\"wp-block-video\"><video controls src=\"https:\/\/defiendase.com\/wp-content\/uploads\/2025\/09\/4Nv090FqMBsYGhm1.mp4\"><\/video><\/figure>\n\n\n\n<p>Desde el Gobierno se\u00f1alaron que este accionar del personal de Baxtter podr\u00eda constituir un caso de trato indigno y discriminatorio, lo que puede derivar en sanciones y multas que pueden llegar hasta los 2100 millones de pesos. La Subsecretar\u00eda de Defensa del Consumidor y Lealtad Comercial ya notific\u00f3 a la empresa, que ahora dispone de cinco d\u00edas h\u00e1biles para presentar su descargo.<\/p>\n\n\n\n<p>Por otro lado, el abogado Jorge Monastersky present\u00f3 una denuncia penal contra los alumnos por violar la Ley 23.592 que proh\u00edbe y sanciona actos discriminatorios por raza, religi\u00f3n, nacionalidad o g\u00e9nero y prev\u00e9 penas de prisi\u00f3n efectiva.&nbsp;<\/p>\n\n\n\n<p>En tanto, la fiscal\u00eda avanza en la identificaci\u00f3n de los alumnos de la Escuela Humanos que participaron de esta conducta aberrante, como del coordinador y de los padres acompa\u00f1antes.&nbsp;<\/p>\n\n\n\n<p>Este caso vuelve a poner en relieve el debate sobre el rol de las empresas de turismo estudiantil en la formaci\u00f3n de entornos seguros y respetuosos, y sobre la falta de l\u00edmites que muchas veces desemboca en estas conductas violentas.<\/p>\n","protected":false},"excerpt":{"rendered":"<p>Tras el escandaloso video en el que se ve c\u00f3mo un grupo de chicos de<\/p>\n","protected":false},"author":4,"featured_media":6493,"comment_status":"open","ping_status":"open","sticky":false,"template":"","format":"standard","meta":{"om_disable_all_campaigns":false,"_monsterinsights_skip_tracking":false,"_monsterinsights_sitenote_active":false,"_monsterinsights_sitenote_note":"","_monsterinsights_sitenote_category":0},"categories":[264],"tags":[],"aioseo_notices":[],"jetpack_featured_media_url":"https:\/\/defiendase.com\/wp-content\/uploads\/2025\/09\/IMG_6509.jpeg","post_mailing_queue_ids":[],"_links":{"self":[{"href":"https:\/\/defiendase.com\/index.php\/wp-json\/wp\/v2\/posts\/6492"}],"collection":[{"href":"https:\/\/defiendase.com\/index.php\/wp-json\/wp\/v2\/posts"}],"about":[{"href":"https:\/\/defiendase.com\/index.php\/wp-json\/wp\/v2\/types\/post"}],"author":[{"embeddable":true,"href":"https:\/\/defiendase.com\/index.php\/wp-json\/wp\/v2\/users\/4"}],"replies":[{"embeddable":true,"href":"https:\/\/defiendase.com\/index.php\/wp-json\/wp\/v2\/comments?post=6492"}],"version-history":[{"count":2,"href":"https:\/\/defiendase.com\/index.php\/wp-json\/wp\/v2\/posts\/6492\/revisions"}],"predecessor-version":[{"id":6497,"href":"https:\/\/defiendase.com\/index.php\/wp-json\/wp\/v2\/posts\/6492\/revisions\/6497"}],"wp:featuredmedia":[{"embeddable":true,"href":"https:\/\/defiendase.com\/index.php\/wp-json\/wp\/v2\/media\/6493"}],"wp:attachment":[{"href":"https:\/\/defiendase.com\/index.php\/wp-json\/wp\/v2\/media?parent=6492"}],"wp:term":[{"taxonomy":"category","embeddable":true,"href":"https:\/\/defiendase.com\/index.php\/wp-json\/wp\/v2\/categories?post=6492"},{"taxonomy":"post_tag","embeddable":true,"href":"https:\/\/defiendase.com\/index.php\/wp-json\/wp\/v2\/tags?post=6492"}],"curies":[{"name":"wp","href":"https:\/\/api.w.org\/{rel}","templated":true}]}}