{"id":6488,"date":"2025-09-29T14:04:02","date_gmt":"2025-09-29T17:04:02","guid":{"rendered":"https:\/\/defiendase.com\/?p=6488"},"modified":"2025-09-29T14:04:04","modified_gmt":"2025-09-29T17:04:04","slug":"justicia-en-jaque-falta-un-tercio-de-los-jueces-y-el-gobierno-mira-para-otro-lado","status":"publish","type":"post","link":"https:\/\/defiendase.com\/index.php\/justicia-en-jaque-falta-un-tercio-de-los-jueces-y-el-gobierno-mira-para-otro-lado\/","title":{"rendered":"Justicia en jaque: falta un tercio de los jueces y el Gobierno mira para otro lado"},"content":{"rendered":"\n<p>Especulando con una performance electoral que le de ox\u00edgeno a su gesti\u00f3n, el Gobierno sigue pateando reformas y proyectos para despu\u00e9s de las elecciones de octubre y entre esos pendientes est\u00e1 el env\u00edo al Senado de los pliegos de los jueces ya seleccionados por el Consejo de la Magistratura.<\/p>\n\n\n\n<p>Esta demora pone en jaque al sistema judicial, que tiene un tercio de los cargos de los magistrados vacantes. Este porcentaje es alt\u00edsimo y ni siquiera puede ser cubierto con conjueces subrogantes porque tambi\u00e9n tienen que tener acuerdo del Senado, algo que tampoco est\u00e1.<\/p>\n\n\n\n<p>Para colmo, este a\u00f1o ya hubo 28 renuncias y hay muchos jueces en edad de jubilarse, con lo cual se espera que para principios de 2026, el porcentaje de vacantes alcance al 38% en los juzgados.&nbsp;&nbsp;<\/p>\n\n\n\n<p>En tribunales deslizan que se trata de una suerte de \u00abvaciamiento del Poder Judicial\u00bb, algo que parecer\u00eda no importarle demasiado al Gobierno pese al reiterado anuncio de la puesta en marcha del nuevo sistema acusatorio.<\/p>\n\n\n\n<p>En concreto, el Consejo de la Magistratura ya le mand\u00f3 al presidente Javier Milei las ternas para elegir 184 candidatos a cubrir vacantes pero en la Rosada ya anticiparon que no habr\u00e1 movimientos en ese sentido hasta ver qu\u00e9 pasa el 26 de octubre. Ya en noviembre de 2024 el vocero Manuel Adorni hab\u00eda prometido que se enviar\u00edan 150 pliegos al Senado para nombrar jueces y fiscales. Y ese anuncio despu\u00e9s qued\u00f3 en la nada.<\/p>\n\n\n\n<p>El panorama es claro. Sin decisi\u00f3n pol\u00edtica no hay jueces y sin jueces no hay justicia.<\/p>\n","protected":false},"excerpt":{"rendered":"<p>Especulando con una performance electoral que le de ox\u00edgeno a su gesti\u00f3n, el Gobierno sigue<\/p>\n","protected":false},"author":4,"featured_media":6489,"comment_status":"open","ping_status":"open","sticky":false,"template":"","format":"standard","meta":{"om_disable_all_campaigns":false,"_monsterinsights_skip_tracking":false,"_monsterinsights_sitenote_active":false,"_monsterinsights_sitenote_note":"","_monsterinsights_sitenote_category":0},"categories":[263],"tags":[],"aioseo_notices":[],"jetpack_featured_media_url":"https:\/\/defiendase.com\/wp-content\/uploads\/2025\/09\/talcahuano.jfif_.jpg","post_mailing_queue_ids":[],"_links":{"self":[{"href":"https:\/\/defiendase.com\/index.php\/wp-json\/wp\/v2\/posts\/6488"}],"collection":[{"href":"https:\/\/defiendase.com\/index.php\/wp-json\/wp\/v2\/posts"}],"about":[{"href":"https:\/\/defiendase.com\/index.php\/wp-json\/wp\/v2\/types\/post"}],"author":[{"embeddable":true,"href":"https:\/\/defiendase.com\/index.php\/wp-json\/wp\/v2\/users\/4"}],"replies":[{"embeddable":true,"href":"https:\/\/defiendase.com\/index.php\/wp-json\/wp\/v2\/comments?post=6488"}],"version-history":[{"count":1,"href":"https:\/\/defiendase.com\/index.php\/wp-json\/wp\/v2\/posts\/6488\/revisions"}],"predecessor-version":[{"id":6490,"href":"https:\/\/defiendase.com\/index.php\/wp-json\/wp\/v2\/posts\/6488\/revisions\/6490"}],"wp:featuredmedia":[{"embeddable":true,"href":"https:\/\/defiendase.com\/index.php\/wp-json\/wp\/v2\/media\/6489"}],"wp:attachment":[{"href":"https:\/\/defiendase.com\/index.php\/wp-json\/wp\/v2\/media?parent=6488"}],"wp:term":[{"taxonomy":"category","embeddable":true,"href":"https:\/\/defiendase.com\/index.php\/wp-json\/wp\/v2\/categories?post=6488"},{"taxonomy":"post_tag","embeddable":true,"href":"https:\/\/defiendase.com\/index.php\/wp-json\/wp\/v2\/tags?post=6488"}],"curies":[{"name":"wp","href":"https:\/\/api.w.org\/{rel}","templated":true}]}}