{"id":6457,"date":"2025-09-19T14:40:10","date_gmt":"2025-09-19T17:40:10","guid":{"rendered":"https:\/\/defiendase.com\/?p=6457"},"modified":"2025-09-19T14:40:14","modified_gmt":"2025-09-19T17:40:14","slug":"la-justicia-ordeno-la-adopcion-de-un-bebe-abandonado-tras-una-subrogacion","status":"publish","type":"post","link":"https:\/\/defiendase.com\/index.php\/la-justicia-ordeno-la-adopcion-de-un-bebe-abandonado-tras-una-subrogacion\/","title":{"rendered":"La justicia orden\u00f3 la adopci\u00f3n de un beb\u00e9 abandonado tras una subrogaci\u00f3n"},"content":{"rendered":"\n<p>Un caso de subrogaci\u00f3n de vientre en C\u00f3rdoba puso otra vez en relieve los vac\u00edos legales en torno a este tipo de pr\u00e1cticas. Un beb\u00e9 nacido mediante este procedimiento fue declarado en situaci\u00f3n de adoptabilidad, luego de que tanto la mujer que lo gest\u00f3 como quien hab\u00eda promovido su concepci\u00f3n se desligaran completamente de su cuidado.<\/p>\n\n\n\n<p>El nacimiento del ni\u00f1o fue prematuro y&nbsp; por eso tuvo que quedar internado durante varios d\u00edas por complicaciones respiratorias. Eso motiv\u00f3 el rechazo de la madre que hab\u00eda alquilado el vientre,&nbsp; que a trav\u00e9s de su abogada renunci\u00f3 por carta a hacerse cargo del beb\u00e9. El argumento fue cruel: seg\u00fan ella, lo quer\u00eda sano.<\/p>\n\n\n\n<p>En paralelo, la mujer gestante expres\u00f3 ante la justicia que no contaba con recursos econ\u00f3micos para asumir la crianza. Aunque asegur\u00f3 desear que el ni\u00f1o fuera adoptado por una familia que pudiera brindarle afecto y contenci\u00f3n, la situaci\u00f3n dej\u00f3 al reci\u00e9n nacido en un estado de total desamparo legal y emocional.<\/p>\n\n\n\n<p>Frente a este escenario, la jueza Mariana Pascual, titular del fuero de Ni\u00f1ez, Adolescencia, Violencia Familiar y de G\u00e9nero, resolvi\u00f3 declarar al beb\u00e9 en situaci\u00f3n de adoptabilidad. En su fallo, hizo hincapi\u00e9 en la gravedad del abandono y calific\u00f3 el hecho como una \u00abvulneraci\u00f3n directa a su dignidad humana\u00bb. Para la magistrada, el menor fue tratado como un \u00abproducto rechazado\u00bb.<\/p>\n\n\n\n<p>\u00abLa vida no es un producto y un ni\u00f1o no es un objeto que debe cumplir ciertas expectativas\u00bb, escribi\u00f3 Pascual en una sentencia con fuertes cuestionamientos a la cosificaci\u00f3n infantil en este tipo de acuerdos. \u00abCada ni\u00f1o, sin importar c\u00f3mo fue concebido, merece respeto, cuidado y amor\u00bb, agreg\u00f3.<\/p>\n\n\n\n<p>Uno de los elementos m\u00e1s pol\u00e9micos del caso es que la subrogaci\u00f3n se realiz\u00f3 sin intervenci\u00f3n judicial alguna. El nacimiento estaba previsto en la Ciudad de Buenos Aires, donde el plan era inscribir al beb\u00e9 directamente a nombre de su madre francesa.<\/p>\n\n\n\n<p>Esto pone en evidencia la falta de regulaci\u00f3n clara sobre la gestaci\u00f3n por subrogaci\u00f3n de vientre en nuestro pa\u00eds. En ausencia de un marco legal preciso, la pr\u00e1ctica queda expuesta a situaciones de extrema vulnerabilidad para los ni\u00f1os nacidos bajo este tipo de acuerdos, entre la necesidad de las madres gestantes y el deseo, a veces fr\u00edvolo y hasta desapegado, de las mujeres que pagan por ello.<\/p>\n","protected":false},"excerpt":{"rendered":"<p>Un caso de subrogaci\u00f3n de vientre en C\u00f3rdoba puso otra vez en relieve los vac\u00edos<\/p>\n","protected":false},"author":4,"featured_media":6458,"comment_status":"open","ping_status":"open","sticky":false,"template":"","format":"standard","meta":{"om_disable_all_campaigns":false,"_monsterinsights_skip_tracking":false,"_monsterinsights_sitenote_active":false,"_monsterinsights_sitenote_note":"","_monsterinsights_sitenote_category":0},"categories":[252],"tags":[],"aioseo_notices":[],"jetpack_featured_media_url":"https:\/\/defiendase.com\/wp-content\/uploads\/2025\/09\/bebe2.webp","post_mailing_queue_ids":[],"_links":{"self":[{"href":"https:\/\/defiendase.com\/index.php\/wp-json\/wp\/v2\/posts\/6457"}],"collection":[{"href":"https:\/\/defiendase.com\/index.php\/wp-json\/wp\/v2\/posts"}],"about":[{"href":"https:\/\/defiendase.com\/index.php\/wp-json\/wp\/v2\/types\/post"}],"author":[{"embeddable":true,"href":"https:\/\/defiendase.com\/index.php\/wp-json\/wp\/v2\/users\/4"}],"replies":[{"embeddable":true,"href":"https:\/\/defiendase.com\/index.php\/wp-json\/wp\/v2\/comments?post=6457"}],"version-history":[{"count":1,"href":"https:\/\/defiendase.com\/index.php\/wp-json\/wp\/v2\/posts\/6457\/revisions"}],"predecessor-version":[{"id":6459,"href":"https:\/\/defiendase.com\/index.php\/wp-json\/wp\/v2\/posts\/6457\/revisions\/6459"}],"wp:featuredmedia":[{"embeddable":true,"href":"https:\/\/defiendase.com\/index.php\/wp-json\/wp\/v2\/media\/6458"}],"wp:attachment":[{"href":"https:\/\/defiendase.com\/index.php\/wp-json\/wp\/v2\/media?parent=6457"}],"wp:term":[{"taxonomy":"category","embeddable":true,"href":"https:\/\/defiendase.com\/index.php\/wp-json\/wp\/v2\/categories?post=6457"},{"taxonomy":"post_tag","embeddable":true,"href":"https:\/\/defiendase.com\/index.php\/wp-json\/wp\/v2\/tags?post=6457"}],"curies":[{"name":"wp","href":"https:\/\/api.w.org\/{rel}","templated":true}]}}