{"id":6453,"date":"2025-09-18T14:11:48","date_gmt":"2025-09-18T17:11:48","guid":{"rendered":"https:\/\/defiendase.com\/?p=6453"},"modified":"2025-09-18T14:11:51","modified_gmt":"2025-09-18T17:11:51","slug":"cristina-tiene-que-pagar","status":"publish","type":"post","link":"https:\/\/defiendase.com\/index.php\/cristina-tiene-que-pagar\/","title":{"rendered":"Cristina tiene que pagar"},"content":{"rendered":"\n<p>La C\u00e1mara Federal de Casaci\u00f3n Penal confirm\u00f3 que Cristina Kirchner tiene que devolverle al Estado $684.990.350.139 como resarcimiento en la causa Vialidad. Es el equivalente a USD 530 millones.<\/p>\n\n\n\n<p>Los abogados de la expresidenta hab\u00edan apelado a la decisi\u00f3n del tribunal por considerar que la suma estaba mal calculada de acuerdo al \u00cdndice de Precios al Consumidor. Seg\u00fan ellos, la suma era mucho menor: $42.494.357.845. Sin embargo, la Justicia no dio lugar a esa cifra y tambi\u00e9n rechaz\u00f3 que fuera el fuero civil y comercial y no el penal el que resolviera esta cuesti\u00f3n.<\/p>\n\n\n\n<p>Cristina fue condenada por malversaci\u00f3n de fondos p\u00fablicos en perjuicio del Estado y fue sentenciada a seis a\u00f1os de prisi\u00f3n domiciliaria e inhabilitaci\u00f3n perpetua para ejercer cargos p\u00fablicos. Pero no es la \u00fanica obligada a pagar.&nbsp; En la lista tambi\u00e9n figuran otros involucrados en el caso como L\u00e1zaro B\u00e1ez, Jos\u00e9 Francisco L\u00f3pez y el exdirector de Vialidad Mauricio Collareda. Entre todos deber\u00e1n reunir la cifra ratificada por la c\u00e1mara y si no lo hacen, sus bienes podr\u00e1n ser subastados con ese fin.<\/p>\n\n\n\n<p>Los fiscales de la causa, Diego Luciani y Diego Mola, le hab\u00edan enviado un escrito a los jueces del tribunal Jorge Gorini, Andr\u00e9s Basso y Rodrigo Gim\u00e9nez Uriburu para que se ejecute el resarcimiento econ\u00f3mico sobre m\u00e1s de 100 propiedades a nombre de Cristina y sus hijos. Ahora hay que esperar a que ella entregue el dinero o que la justicia proceda.<\/p>\n","protected":false},"excerpt":{"rendered":"<p>La C\u00e1mara Federal de Casaci\u00f3n Penal confirm\u00f3 que Cristina Kirchner tiene que devolverle al Estado<\/p>\n","protected":false},"author":4,"featured_media":6454,"comment_status":"open","ping_status":"open","sticky":false,"template":"","format":"standard","meta":{"om_disable_all_campaigns":false,"_monsterinsights_skip_tracking":false,"_monsterinsights_sitenote_active":false,"_monsterinsights_sitenote_note":"","_monsterinsights_sitenote_category":0},"categories":[263],"tags":[],"aioseo_notices":[],"jetpack_featured_media_url":"https:\/\/defiendase.com\/wp-content\/uploads\/2025\/09\/Imagen-de-WhatsApp-2025-09-18-a-las-12.08.59_5f4c497b.jpg","post_mailing_queue_ids":[],"_links":{"self":[{"href":"https:\/\/defiendase.com\/index.php\/wp-json\/wp\/v2\/posts\/6453"}],"collection":[{"href":"https:\/\/defiendase.com\/index.php\/wp-json\/wp\/v2\/posts"}],"about":[{"href":"https:\/\/defiendase.com\/index.php\/wp-json\/wp\/v2\/types\/post"}],"author":[{"embeddable":true,"href":"https:\/\/defiendase.com\/index.php\/wp-json\/wp\/v2\/users\/4"}],"replies":[{"embeddable":true,"href":"https:\/\/defiendase.com\/index.php\/wp-json\/wp\/v2\/comments?post=6453"}],"version-history":[{"count":1,"href":"https:\/\/defiendase.com\/index.php\/wp-json\/wp\/v2\/posts\/6453\/revisions"}],"predecessor-version":[{"id":6455,"href":"https:\/\/defiendase.com\/index.php\/wp-json\/wp\/v2\/posts\/6453\/revisions\/6455"}],"wp:featuredmedia":[{"embeddable":true,"href":"https:\/\/defiendase.com\/index.php\/wp-json\/wp\/v2\/media\/6454"}],"wp:attachment":[{"href":"https:\/\/defiendase.com\/index.php\/wp-json\/wp\/v2\/media?parent=6453"}],"wp:term":[{"taxonomy":"category","embeddable":true,"href":"https:\/\/defiendase.com\/index.php\/wp-json\/wp\/v2\/categories?post=6453"},{"taxonomy":"post_tag","embeddable":true,"href":"https:\/\/defiendase.com\/index.php\/wp-json\/wp\/v2\/tags?post=6453"}],"curies":[{"name":"wp","href":"https:\/\/api.w.org\/{rel}","templated":true}]}}