{"id":6448,"date":"2025-09-17T14:13:02","date_gmt":"2025-09-17T17:13:02","guid":{"rendered":"https:\/\/defiendase.com\/?p=6448"},"modified":"2025-09-17T18:12:32","modified_gmt":"2025-09-17T21:12:32","slug":"cuotas-mas-bajas-en-prepagas-los-afiliados-ahora-podran-disponer-de-los-excedentes-de-sus-aportes","status":"publish","type":"post","link":"https:\/\/defiendase.com\/index.php\/cuotas-mas-bajas-en-prepagas-los-afiliados-ahora-podran-disponer-de-los-excedentes-de-sus-aportes\/","title":{"rendered":"\u00bfCuotas m\u00e1s bajas en prepagas? Los afiliados ahora podr\u00e1n disponer de los excedentes de sus aportes"},"content":{"rendered":"\n<p>El Gobierno anunci\u00f3 una medida que puede resultar clave para millones de trabajadores: a partir de los pr\u00f3ximos d\u00edas, quienes est\u00e1n afiliados a una empresa de medicina prepaga podr\u00e1n usar los excedentes de sus aportes, que hasta ahora quedaban en manos de las compa\u00f1\u00edas, y transformarlos en un descuento en sus futuras cuotas.<\/p>\n\n\n\n<p>La decisi\u00f3n fue comunicada por el vocero presidencial, Manuel Adorni, quien explic\u00f3 que el Ministerio de Salud eliminar\u00e1 un art\u00edculo oculto en la resoluci\u00f3n 2400\/2023, firmada durante la gesti\u00f3n anterior de Alberto Fern\u00e1ndez. Ese art\u00edculo le permit\u00eda a las prepagas quedarse con los aportes que superaran el valor del plan contratado, algo que afect\u00f3 especialmente a trabajadores en relaci\u00f3n de dependencia.<\/p>\n\n\n\n<p>Para entenderlo en concreto: si un trabajador aporta $100 a trav\u00e9s de su sueldo, pero su plan cuesta solo $80, la diferencia ($20) deber\u00eda quedar a su favor. Sin embargo, con la normativa actual, ese excedente se lo queda la empresa. Eso est\u00e1 por cambiar.<\/p>\n\n\n\n<p>Seg\u00fan estimaciones oficiales, esta pr\u00e1ctica perjudic\u00f3 a unos 1,8 millones de afiliados durante casi dos a\u00f1os. El monto total retenido de manera indebida podr\u00eda superar los $180.000 millones.<\/p>\n\n\n\n<p>Desde el Gobierno denuncian que la resoluci\u00f3n fue un \u00abfavor\u00bb del gobierno de Alberto Fern\u00e1ndez a las prepagas a cambio de congelar las cuotas durante septiembre, octubre y noviembre de 2023, justo en plena campa\u00f1a electoral. Un beneficio para las empresas a costa de los trabajadores.<\/p>\n\n\n\n<p>Por otro lado, las empresas de medicina privada ahora tambi\u00e9n deber\u00e1n incluir en sus facturas un detalle con el monto de subsidios autom\u00e1ticos que recibe cada afiliado. Esto busca garantizar que ese dinero se use en beneficio del usuario, con descuentos reales en las cuotas.<\/p>\n\n\n\n<p>Aunque la desregulaci\u00f3n del sistema de salud no est\u00e1 completa, ya hay cambios importantes: los aumentos de las cuotas suelen darse en sinton\u00eda con el \u00edndice de inflaci\u00f3n&nbsp; y ahora los usuarios pueden contratar una prepaga directamente, sin pasar por una obra social sindical como intermediaria.<\/p>\n\n\n\n<p>Los especialistas recomiendan a los afiliados revisar sus facturas, reclamar por los aportes excedentes retenidos en los \u00faltimos meses y exigir que se apliquen correctamente los subsidios. La transparencia en el sistema de salud es un derecho, no un favor.<\/p>\n","protected":false},"excerpt":{"rendered":"<p>El Gobierno anunci\u00f3 una medida que puede resultar clave para millones de trabajadores: a partir<\/p>\n","protected":false},"author":4,"featured_media":6451,"comment_status":"open","ping_status":"open","sticky":false,"template":"","format":"standard","meta":{"om_disable_all_campaigns":false,"_monsterinsights_skip_tracking":false,"_monsterinsights_sitenote_active":false,"_monsterinsights_sitenote_note":"","_monsterinsights_sitenote_category":0},"categories":[17],"tags":[],"aioseo_notices":[],"jetpack_featured_media_url":"https:\/\/defiendase.com\/wp-content\/uploads\/2025\/09\/prepagas-aportes.webp","post_mailing_queue_ids":[],"_links":{"self":[{"href":"https:\/\/defiendase.com\/index.php\/wp-json\/wp\/v2\/posts\/6448"}],"collection":[{"href":"https:\/\/defiendase.com\/index.php\/wp-json\/wp\/v2\/posts"}],"about":[{"href":"https:\/\/defiendase.com\/index.php\/wp-json\/wp\/v2\/types\/post"}],"author":[{"embeddable":true,"href":"https:\/\/defiendase.com\/index.php\/wp-json\/wp\/v2\/users\/4"}],"replies":[{"embeddable":true,"href":"https:\/\/defiendase.com\/index.php\/wp-json\/wp\/v2\/comments?post=6448"}],"version-history":[{"count":1,"href":"https:\/\/defiendase.com\/index.php\/wp-json\/wp\/v2\/posts\/6448\/revisions"}],"predecessor-version":[{"id":6450,"href":"https:\/\/defiendase.com\/index.php\/wp-json\/wp\/v2\/posts\/6448\/revisions\/6450"}],"wp:featuredmedia":[{"embeddable":true,"href":"https:\/\/defiendase.com\/index.php\/wp-json\/wp\/v2\/media\/6451"}],"wp:attachment":[{"href":"https:\/\/defiendase.com\/index.php\/wp-json\/wp\/v2\/media?parent=6448"}],"wp:term":[{"taxonomy":"category","embeddable":true,"href":"https:\/\/defiendase.com\/index.php\/wp-json\/wp\/v2\/categories?post=6448"},{"taxonomy":"post_tag","embeddable":true,"href":"https:\/\/defiendase.com\/index.php\/wp-json\/wp\/v2\/tags?post=6448"}],"curies":[{"name":"wp","href":"https:\/\/api.w.org\/{rel}","templated":true}]}}