{"id":6444,"date":"2025-09-16T13:56:26","date_gmt":"2025-09-16T16:56:26","guid":{"rendered":"https:\/\/defiendase.com\/?p=6444"},"modified":"2025-09-16T13:56:30","modified_gmt":"2025-09-16T16:56:30","slug":"no-puede-votar-cristina-excluida-del-padron","status":"publish","type":"post","link":"https:\/\/defiendase.com\/index.php\/no-puede-votar-cristina-excluida-del-padron\/","title":{"rendered":"No puede votar: Cristina excluida del padr\u00f3n"},"content":{"rendered":"\n<p>La justicia electoral le dio un nuevo rev\u00e9s a Cristina Kirchner y la excluy\u00f3 del padr\u00f3n electoral. Con esto, la expresidenta, presa en su casa por la causa Vialidad, no podr\u00e1 votar en las elecciones legislativas nacionales de octubre.<\/p>\n\n\n\n<p>La C\u00e1mara Nacional Electoral revoc\u00f3 el fallo en primera instancia de la justicia de Santa Cruz, que hab\u00eda entendido que la inhabilitaci\u00f3n para ejercer cargos p\u00fablicos no significaba la p\u00e9rdida del derecho a votar.&nbsp;<\/p>\n\n\n\n<p>Al estar detenida con prisi\u00f3n domiciliaria por la condena por corrupci\u00f3n en la causa Vialidad, si hubiese estado habilitada para votar Cristina tendr\u00eda que haber pedido permiso a la justicia para hacerlo. Pero ahora, al ser definitivamente borrada del padr\u00f3n, no tendr\u00e1 esa posibilidad.&nbsp;<\/p>\n\n\n\n<p>La C\u00e1mara tambi\u00e9n apart\u00f3 a otros condenados en la misma causa: L\u00e1zaro B\u00e1ez, Jos\u00e9 L\u00f3pez y los ex funcionarios de Vialidad de Santa Cruz Jos\u00e9 Santiba\u00f1ez, Mauricio Colladera y Juan Carlos Villafa\u00f1e.&nbsp;<\/p>\n\n\n\n<p>En primera instancia, la jueza Mariel Borruto hab\u00eda afirmado que Cristina pod\u00eda participar como electora de los comicios de octubre.\u00bbPrivar el derecho a votar infringe los est\u00e1ndares de nuestro m\u00e1s alto tribunal\u00bb, sostuvo en su escrito. Pero el fiscal de C\u00e1mara Ramiro Gonz\u00e1lez apel\u00f3 y advirti\u00f3 que si bien se declar\u00f3 inconstitucional privar a los condenados del derecho a votar, esa decisi\u00f3n qued\u00f3 sujeta a una reforma que el Congreso no sancion\u00f3. &nbsp;\u00abSe reconoci\u00f3 el derecho al sufragio de las personas condenadas pero se sujet\u00f3 su ejercicio a que el Congreso de la Naci\u00f3n dictara la legislaci\u00f3n necesaria para implementarlo\u00bb, afirm\u00f3.<\/p>\n\n\n\n<p>Finalmente la C\u00e1mara explic\u00f3 que si Cristina quiere volver a formar parte del padr\u00f3n deber\u00e1 pedirlo expresamente a trav\u00e9s de su defensa, pero que un juez no puede de oficio determinar que debe estar incluida en el padr\u00f3n. Luego, habr\u00e1 que ver si los jueces la habilitan o no. &nbsp;<\/p>\n\n\n\n<p>Ahora se espera que la expresidenta haga esa presentaci\u00f3n cuando faltan apenas 5 semanas para las elecciones. &nbsp;<\/p>\n","protected":false},"excerpt":{"rendered":"<p>La justicia electoral le dio un nuevo rev\u00e9s a Cristina Kirchner y la excluy\u00f3 del<\/p>\n","protected":false},"author":4,"featured_media":6445,"comment_status":"open","ping_status":"open","sticky":false,"template":"","format":"standard","meta":{"om_disable_all_campaigns":false,"_monsterinsights_skip_tracking":false,"_monsterinsights_sitenote_active":false,"_monsterinsights_sitenote_note":"","_monsterinsights_sitenote_category":0},"categories":[263],"tags":[],"aioseo_notices":[],"jetpack_featured_media_url":"https:\/\/defiendase.com\/wp-content\/uploads\/2025\/09\/IMG_5857.jpeg","post_mailing_queue_ids":[],"_links":{"self":[{"href":"https:\/\/defiendase.com\/index.php\/wp-json\/wp\/v2\/posts\/6444"}],"collection":[{"href":"https:\/\/defiendase.com\/index.php\/wp-json\/wp\/v2\/posts"}],"about":[{"href":"https:\/\/defiendase.com\/index.php\/wp-json\/wp\/v2\/types\/post"}],"author":[{"embeddable":true,"href":"https:\/\/defiendase.com\/index.php\/wp-json\/wp\/v2\/users\/4"}],"replies":[{"embeddable":true,"href":"https:\/\/defiendase.com\/index.php\/wp-json\/wp\/v2\/comments?post=6444"}],"version-history":[{"count":1,"href":"https:\/\/defiendase.com\/index.php\/wp-json\/wp\/v2\/posts\/6444\/revisions"}],"predecessor-version":[{"id":6446,"href":"https:\/\/defiendase.com\/index.php\/wp-json\/wp\/v2\/posts\/6444\/revisions\/6446"}],"wp:featuredmedia":[{"embeddable":true,"href":"https:\/\/defiendase.com\/index.php\/wp-json\/wp\/v2\/media\/6445"}],"wp:attachment":[{"href":"https:\/\/defiendase.com\/index.php\/wp-json\/wp\/v2\/media?parent=6444"}],"wp:term":[{"taxonomy":"category","embeddable":true,"href":"https:\/\/defiendase.com\/index.php\/wp-json\/wp\/v2\/categories?post=6444"},{"taxonomy":"post_tag","embeddable":true,"href":"https:\/\/defiendase.com\/index.php\/wp-json\/wp\/v2\/tags?post=6444"}],"curies":[{"name":"wp","href":"https:\/\/api.w.org\/{rel}","templated":true}]}}