{"id":6440,"date":"2025-09-15T16:35:56","date_gmt":"2025-09-15T19:35:56","guid":{"rendered":"https:\/\/defiendase.com\/?p=6440"},"modified":"2025-09-15T16:39:37","modified_gmt":"2025-09-15T19:39:37","slug":"la-universidad-vuelve-a-salir-a-la-calle","status":"publish","type":"post","link":"https:\/\/defiendase.com\/index.php\/la-universidad-vuelve-a-salir-a-la-calle\/","title":{"rendered":"La Universidad vuelve a salir a la calle"},"content":{"rendered":"\n<p>Con una clase p\u00fablica en las escalinatas de la Facultad de Derecho, la Universidad de Buenos Aires arranc\u00f3 una nueva semana de protestas que tendr\u00e1 su pico con una Marcha Federal el pr\u00f3ximo mi\u00e9rcoles, en rechazo al veto del presidente Javier Milei a la Ley de Financiamiento Universitario.<\/p>\n\n\n\n<p>Los decanos explicaron&nbsp;que la ley vetada es apenas \u201cun paliativo\u201d frente a la crisis presupuestaria que atraviesan las universidades nacionales. Y advirtieron que \u201cel deterioro se va a notar con el tiempo\u201d. Tambi\u00e9n sostuvieron que debido a los bajos salarios hay docentes de todas las facultades que se ven en la imposibilidad de seguir dando clases.<\/p>\n\n\n\n<p>La nueva marcha federal ser\u00e1 el d\u00eda en que el Congreso trate el veto de Javier Milei. Ese d\u00eda se espera que la C\u00e1mara de Diputados le de un nuevo rev\u00e9s al Gobierno.&nbsp;<\/p>\n\n\n\n<p>\u00abConfiamos en que los legisladores que votaron esta norma transversal, que cont\u00f3 con apoyo de casi todas las fuerzas pol\u00edticas, sostendr\u00e1n su decisi\u00f3n para insistir con la ley\u00bb, sostuvo tras su clase p\u00fablica el rector de Derecho Leandro Vergara.<\/p>\n\n\n\n<p>Para reforzar la convocatoria, las universidades p\u00fablicas difundieron un video en redes sociales protagonizado por estudiantes que relatan el impacto del ajuste presupuestario en sus vidas acad\u00e9micas. \u201cQueremos cursar, hacerlo de forma presencial y tranquilos. Aprender dentro del aula. Necesitamos a los mejores profesores, necesitamos que se queden\u201d, afirman.<\/p>\n\n\n\n<p>La grabaci\u00f3n apunta a despejar lecturas pol\u00edticas y a interpelar a todos los ciudadanos: \u201cEsta ley no es contra nadie, es a favor de todos. Porque la universidad p\u00fablica somos todos. Te pedimos que vengas a bancar la Ley de Financiamiento Universitario para seguir siendo los mejores, para seguir siendo tu orgullo\u201d.<\/p>\n\n\n\n<p>La movilizaci\u00f3n buscar\u00e1 reeditar la masiva manifestaci\u00f3n del 23 de abril del a\u00f1o pasado, cuando cientos de miles de personas se congregaron en defensa de la universidad p\u00fablica.<\/p>\n\n\n\n<figure class=\"wp-block-video\"><video controls src=\"https:\/\/defiendase.com\/wp-content\/uploads\/2025\/09\/WhatsApp-Video-2025-09-15-at-14.49.52.mp4\"><\/video><\/figure>\n","protected":false},"excerpt":{"rendered":"<p>Con una clase p\u00fablica en las escalinatas de la Facultad de Derecho, la Universidad de<\/p>\n","protected":false},"author":4,"featured_media":6443,"comment_status":"open","ping_status":"open","sticky":false,"template":"","format":"standard","meta":{"om_disable_all_campaigns":false,"_monsterinsights_skip_tracking":false,"_monsterinsights_sitenote_active":false,"_monsterinsights_sitenote_note":"","_monsterinsights_sitenote_category":0},"categories":[264],"tags":[],"aioseo_notices":[],"jetpack_featured_media_url":"https:\/\/defiendase.com\/wp-content\/uploads\/2025\/09\/image.png","post_mailing_queue_ids":[],"_links":{"self":[{"href":"https:\/\/defiendase.com\/index.php\/wp-json\/wp\/v2\/posts\/6440"}],"collection":[{"href":"https:\/\/defiendase.com\/index.php\/wp-json\/wp\/v2\/posts"}],"about":[{"href":"https:\/\/defiendase.com\/index.php\/wp-json\/wp\/v2\/types\/post"}],"author":[{"embeddable":true,"href":"https:\/\/defiendase.com\/index.php\/wp-json\/wp\/v2\/users\/4"}],"replies":[{"embeddable":true,"href":"https:\/\/defiendase.com\/index.php\/wp-json\/wp\/v2\/comments?post=6440"}],"version-history":[{"count":1,"href":"https:\/\/defiendase.com\/index.php\/wp-json\/wp\/v2\/posts\/6440\/revisions"}],"predecessor-version":[{"id":6442,"href":"https:\/\/defiendase.com\/index.php\/wp-json\/wp\/v2\/posts\/6440\/revisions\/6442"}],"wp:featuredmedia":[{"embeddable":true,"href":"https:\/\/defiendase.com\/index.php\/wp-json\/wp\/v2\/media\/6443"}],"wp:attachment":[{"href":"https:\/\/defiendase.com\/index.php\/wp-json\/wp\/v2\/media?parent=6440"}],"wp:term":[{"taxonomy":"category","embeddable":true,"href":"https:\/\/defiendase.com\/index.php\/wp-json\/wp\/v2\/categories?post=6440"},{"taxonomy":"post_tag","embeddable":true,"href":"https:\/\/defiendase.com\/index.php\/wp-json\/wp\/v2\/tags?post=6440"}],"curies":[{"name":"wp","href":"https:\/\/api.w.org\/{rel}","templated":true}]}}