{"id":6436,"date":"2025-09-15T16:34:06","date_gmt":"2025-09-15T19:34:06","guid":{"rendered":"https:\/\/defiendase.com\/?p=6436"},"modified":"2025-09-15T16:34:09","modified_gmt":"2025-09-15T19:34:09","slug":"la-cuota-alimentaria-la-paga-el-tio","status":"publish","type":"post","link":"https:\/\/defiendase.com\/index.php\/la-cuota-alimentaria-la-paga-el-tio\/","title":{"rendered":"La cuota alimentaria la paga el t\u00edo"},"content":{"rendered":"\n<p>En un fallo con escasos antecedentes a nivel nacional, el Juzgado de Familia de San Lorenzo orden\u00f3 que un t\u00edo paterno se haga cargo de la cuota alimentaria de sus dos sobrinos, ante el incumplimiento reiterado de su hermano, el padre biol\u00f3gico de los chicos. La decisi\u00f3n fue tomada por el juez Marcelo Escola, que se bas\u00f3 en el principio del inter\u00e9s superior del ni\u00f1o, consagrado en la Ley 26.061 de Protecci\u00f3n Integral de los Derechos de las Ni\u00f1as, Ni\u00f1os y Adolescentes.<\/p>\n\n\n\n<p>El caso presentaba un escenario familiar complejo: la madre de los chicos est\u00e1 enferma y no puede afrontar el mantenimiento del hogar por s\u00ed sola. Uno de los chicos es discapacitado y el padre, que estaba obligado a aportar, se hab\u00eda excusado de cumplir con la cuota alimentaria por no tener un trabajo formal. Los abuelos paternos, por su parte, hab\u00edan muerto los dos.&nbsp;<\/p>\n\n\n\n<p>Frente a este panorama, el juez Escola consider\u00f3 necesario ampliar el c\u00edrculo de responsabilidad familiar, fijando una cuota alimentaria a cargo del t\u00edo paterno, que tiene medios econ\u00f3micos como para hacerse cargo. &nbsp;La resoluci\u00f3n estipula el pago del 125% del valor de la canasta de crianza para menores de entre 6 y 12 a\u00f1os, el 30% del aguinaldo, cobertura de obra social, asignaci\u00f3n familiar y el costo de gastos extraordinarios.<\/p>\n\n\n\n<p>En su escrito, el juez argument\u00f3 que era necesario garantizar los derechos de los menores, asegurando su bienestar integral. Seg\u00fan establece la Ley 26.061, el Estado y la familia, en todas sus formas, deben priorizar el desarrollo pleno de ni\u00f1as, ni\u00f1os y adolescentes, incluso cuando eso implique extender responsabilidades m\u00e1s all\u00e1 del n\u00facleo parental directo.<\/p>\n\n\n\n<p>El fallo adquiere relevancia nacional al constituir un precedente judicial poco com\u00fan. En la mayor\u00eda de los casos en los que el padre o la madre incumplen sus deberes alimentarios, se recurre en primer lugar a los abuelos, conforme al principio de solidaridad familiar. Sin embargo, en esta circunstancia se extendi\u00f3 la obligaci\u00f3n a un t\u00edo, reconociendo que la familia extendida tambi\u00e9n puede ser responsable cuando se trata de proteger los derechos fundamentales de los menores.<\/p>\n\n\n\n<p>De esta forma, la Justicia reafirm\u00f3 su rol activo en la protecci\u00f3n efectiva de la infancia, utilizando herramientas legales para adaptarse a situaciones complejas.<\/p>\n","protected":false},"excerpt":{"rendered":"<p>En un fallo con escasos antecedentes a nivel nacional, el Juzgado de Familia de San<\/p>\n","protected":false},"author":4,"featured_media":6438,"comment_status":"open","ping_status":"open","sticky":false,"template":"","format":"standard","meta":{"om_disable_all_campaigns":false,"_monsterinsights_skip_tracking":false,"_monsterinsights_sitenote_active":false,"_monsterinsights_sitenote_note":"","_monsterinsights_sitenote_category":0},"categories":[252],"tags":[],"aioseo_notices":[],"jetpack_featured_media_url":"https:\/\/defiendase.com\/wp-content\/uploads\/2025\/09\/alimentaria.webp","post_mailing_queue_ids":[],"_links":{"self":[{"href":"https:\/\/defiendase.com\/index.php\/wp-json\/wp\/v2\/posts\/6436"}],"collection":[{"href":"https:\/\/defiendase.com\/index.php\/wp-json\/wp\/v2\/posts"}],"about":[{"href":"https:\/\/defiendase.com\/index.php\/wp-json\/wp\/v2\/types\/post"}],"author":[{"embeddable":true,"href":"https:\/\/defiendase.com\/index.php\/wp-json\/wp\/v2\/users\/4"}],"replies":[{"embeddable":true,"href":"https:\/\/defiendase.com\/index.php\/wp-json\/wp\/v2\/comments?post=6436"}],"version-history":[{"count":1,"href":"https:\/\/defiendase.com\/index.php\/wp-json\/wp\/v2\/posts\/6436\/revisions"}],"predecessor-version":[{"id":6439,"href":"https:\/\/defiendase.com\/index.php\/wp-json\/wp\/v2\/posts\/6436\/revisions\/6439"}],"wp:featuredmedia":[{"embeddable":true,"href":"https:\/\/defiendase.com\/index.php\/wp-json\/wp\/v2\/media\/6438"}],"wp:attachment":[{"href":"https:\/\/defiendase.com\/index.php\/wp-json\/wp\/v2\/media?parent=6436"}],"wp:term":[{"taxonomy":"category","embeddable":true,"href":"https:\/\/defiendase.com\/index.php\/wp-json\/wp\/v2\/categories?post=6436"},{"taxonomy":"post_tag","embeddable":true,"href":"https:\/\/defiendase.com\/index.php\/wp-json\/wp\/v2\/tags?post=6436"}],"curies":[{"name":"wp","href":"https:\/\/api.w.org\/{rel}","templated":true}]}}