{"id":6427,"date":"2025-09-11T10:02:18","date_gmt":"2025-09-11T13:02:18","guid":{"rendered":"https:\/\/defiendase.com\/?p=6427"},"modified":"2025-09-11T10:13:15","modified_gmt":"2025-09-11T13:13:15","slug":"finalmente-despues-de-meses-habria-nuevo-defensor-de-ninas-ninos-y-adolescentes","status":"publish","type":"post","link":"https:\/\/defiendase.com\/index.php\/finalmente-despues-de-meses-habria-nuevo-defensor-de-ninas-ninos-y-adolescentes\/","title":{"rendered":"Finalmente, despu\u00e9s de meses, habr\u00eda nuevo Defensor de Ni\u00f1as, Ni\u00f1os y Adolescentes"},"content":{"rendered":"\n<p>La designaci\u00f3n del Defensor de los Derechos de Ni\u00f1as, Ni\u00f1os y Adolescentes entr\u00f3 en su etapa final, en la que quedaron tres candidatos que se someter\u00e1n a una votaci\u00f3n el 22 de septiembre. El cargo est\u00e1 vacante desde mayo por las reticencias del Senado para aportar los miembros de la Comisi\u00f3n Bicameral que finalmente qued\u00f3 conformada semanas atr\u00e1s.<\/p>\n\n\n\n<p>El proceso, comenz\u00f3 con la inscripci\u00f3n de 224 candidaturas v\u00e1lidas, garantizando igualdad de condiciones y transparencia en cada instancia. Posteriormente, 147 postulantes participaron del examen escrito de oposici\u00f3n, y finalmente 71 se presentaron en la etapa de audiencias p\u00fablicas, donde defendieron sus planes de trabajo y respondieron preguntas de legisladores.<\/p>\n\n\n\n<p>\u201cEstamos construyendo un camino que expresa la decisi\u00f3n pol\u00edtica de jerarquizar los derechos de los ni\u00f1os, ni\u00f1as y adolescentes. Desde la inscripci\u00f3n, pasando por el examen y las audiencias, hemos garantizado la participaci\u00f3n, la transparencia y la legitimidad necesarias para dar un paso hist\u00f3rico en nuestro pa\u00eds\u00bb, expres\u00f3 Natalia Sarapura, la titular de la Bicameral. \u00a0\u00abNuestro desaf\u00edo es consolidar una Defensor\u00eda federal, cercana al territorio, transparente y capaz de responder a los desaf\u00edos que enfrentan hoy ni\u00f1as, ni\u00f1os y adolescentes en Argentina\u00bb, agreg\u00f3. Entre esos desaf\u00edos est\u00e1n la situaci\u00f3n de la pobreza y la necesidad de accesos igualitarios a la educaci\u00f3n.<\/p>\n\n\n\n<figure class=\"wp-block-video\"><video controls src=\"https:\/\/defiendase.com\/wp-content\/uploads\/2025\/09\/14894274-cff0-4a88-a355-653fd28c5457.mov\"><\/video><\/figure>\n\n\n\n<p>Sarapura subray\u00f3 la importancia de los consensos pol\u00edticos. \u00abLe cost\u00f3 al Congreso m\u00e1s de un a\u00f1o poder constituir la Comisi\u00f3n Bicameral, ya que la C\u00e1mara de Diputados hab\u00eda elegido a sus cinco representantes y no lo hizo el Senado. Luego llev\u00f3 tiempo construir acuerdos para definir una fecha y un cronograma del concurso. Otro desaf\u00edo fue ver como se encuentra la Defensor\u00eda mientras dure el concurso y lo hemos logrado\u00bb.<\/p>\n\n\n\n<p>Ahora resta esperar la votaci\u00f3n. Todo parece indicar que finalmente habr\u00e1 Defensor despu\u00e9s de meses de una pulseada sorda, que nada tiene que ver con los chicos.&nbsp;<\/p>\n","protected":false},"excerpt":{"rendered":"<p>La designaci\u00f3n del Defensor de los Derechos de Ni\u00f1as, Ni\u00f1os y Adolescentes entr\u00f3 en su<\/p>\n","protected":false},"author":4,"featured_media":6428,"comment_status":"open","ping_status":"open","sticky":false,"template":"","format":"standard","meta":{"om_disable_all_campaigns":false,"_monsterinsights_skip_tracking":false,"_monsterinsights_sitenote_active":false,"_monsterinsights_sitenote_note":"","_monsterinsights_sitenote_category":0},"categories":[263],"tags":[],"aioseo_notices":[],"jetpack_featured_media_url":"https:\/\/defiendase.com\/wp-content\/uploads\/2025\/09\/IMG_5700.jpeg","post_mailing_queue_ids":[],"_links":{"self":[{"href":"https:\/\/defiendase.com\/index.php\/wp-json\/wp\/v2\/posts\/6427"}],"collection":[{"href":"https:\/\/defiendase.com\/index.php\/wp-json\/wp\/v2\/posts"}],"about":[{"href":"https:\/\/defiendase.com\/index.php\/wp-json\/wp\/v2\/types\/post"}],"author":[{"embeddable":true,"href":"https:\/\/defiendase.com\/index.php\/wp-json\/wp\/v2\/users\/4"}],"replies":[{"embeddable":true,"href":"https:\/\/defiendase.com\/index.php\/wp-json\/wp\/v2\/comments?post=6427"}],"version-history":[{"count":3,"href":"https:\/\/defiendase.com\/index.php\/wp-json\/wp\/v2\/posts\/6427\/revisions"}],"predecessor-version":[{"id":6432,"href":"https:\/\/defiendase.com\/index.php\/wp-json\/wp\/v2\/posts\/6427\/revisions\/6432"}],"wp:featuredmedia":[{"embeddable":true,"href":"https:\/\/defiendase.com\/index.php\/wp-json\/wp\/v2\/media\/6428"}],"wp:attachment":[{"href":"https:\/\/defiendase.com\/index.php\/wp-json\/wp\/v2\/media?parent=6427"}],"wp:term":[{"taxonomy":"category","embeddable":true,"href":"https:\/\/defiendase.com\/index.php\/wp-json\/wp\/v2\/categories?post=6427"},{"taxonomy":"post_tag","embeddable":true,"href":"https:\/\/defiendase.com\/index.php\/wp-json\/wp\/v2\/tags?post=6427"}],"curies":[{"name":"wp","href":"https:\/\/api.w.org\/{rel}","templated":true}]}}