{"id":6424,"date":"2025-09-10T13:52:22","date_gmt":"2025-09-10T16:52:22","guid":{"rendered":"https:\/\/defiendase.com\/?p=6424"},"modified":"2025-09-10T13:52:25","modified_gmt":"2025-09-10T16:52:25","slug":"la-casa-propia-cada-vez-mas-lejos","status":"publish","type":"post","link":"https:\/\/defiendase.com\/index.php\/la-casa-propia-cada-vez-mas-lejos\/","title":{"rendered":"La casa propia, cada vez m\u00e1s lejos"},"content":{"rendered":"\n<p>La suba de tasas de inter\u00e9s dispuesta por el Gobierno como medida coyuntural por la incertidumbre que generan estos meses de elecciones ya tiene repercusiones concretas en las familias que buscan acceder a un cr\u00e9dito hipotecario para poder tener su propia casa.<\/p>\n\n\n\n<p>Con estas medidas decisiones del Ministerio de Econom\u00eda se encarecieron las cuotas y los bancos endurecieron los requisitos e incluso se suspendieron operaciones porque los compradores que estaban aprobados para recibir un pr\u00e9stamo dejaron de estarlo de la noche a la ma\u00f1ana.<\/p>\n\n\n\n<p>Ahora se exigen mayores ingresos demostrables, m\u00e1s garant\u00edas y se dan plazos de devoluci\u00f3n m\u00e1s cortos. Esto hace que muchas familias dejen de aplicar para recibir un cr\u00e9dito y que las b\u00fasquedas se orienten a barrios m\u00e1s baratos y viviendas m\u00e1s peque\u00f1as. En este sentido, hay bancos que dan tasas preferenciales para zonas consideradas marginales en la Ciudad &nbsp;como el microcentro, Lugano, La Boca o Villa Soldati.&nbsp;<\/p>\n\n\n\n<p>Con esto se espera que haya una retracci\u00f3n en la solicitud de pr\u00e9stamos y un freno, que ya se siente, en la compra venta de inmuebles. Cuando se reactivaron, los cr\u00e9ditos hipotecarios pasaron a estar presentes en el 20% de las escrituras que se hac\u00edan en la Ciudad de Bs As. Sin embargo, con la suba de tasas y el salto del d\u00f3lar post elecciones, los compradores ven que los precios en pesos pasaron a encarecerse en millones.<\/p>\n\n\n\n<p>Desde el sector creen que hasta que no se aquiete el d\u00f3lar en un valor estable y el gobierno d\u00e9 una se\u00f1al pol\u00edtica clara, el mercado no se va a reactivar.&nbsp;<\/p>\n\n\n\n<p>En un pa\u00eds en crisis casi permanente, la casa propia vuelve a ser un sue\u00f1o inalcanzable para muchos.&nbsp;<\/p>\n","protected":false},"excerpt":{"rendered":"<p>La suba de tasas de inter\u00e9s dispuesta por el Gobierno como medida coyuntural por la<\/p>\n","protected":false},"author":4,"featured_media":6425,"comment_status":"open","ping_status":"open","sticky":false,"template":"","format":"standard","meta":{"om_disable_all_campaigns":false,"_monsterinsights_skip_tracking":false,"_monsterinsights_sitenote_active":false,"_monsterinsights_sitenote_note":"","_monsterinsights_sitenote_category":0},"categories":[263],"tags":[],"aioseo_notices":[],"jetpack_featured_media_url":"https:\/\/defiendase.com\/wp-content\/uploads\/2025\/09\/IMG_6497.webp","post_mailing_queue_ids":[],"_links":{"self":[{"href":"https:\/\/defiendase.com\/index.php\/wp-json\/wp\/v2\/posts\/6424"}],"collection":[{"href":"https:\/\/defiendase.com\/index.php\/wp-json\/wp\/v2\/posts"}],"about":[{"href":"https:\/\/defiendase.com\/index.php\/wp-json\/wp\/v2\/types\/post"}],"author":[{"embeddable":true,"href":"https:\/\/defiendase.com\/index.php\/wp-json\/wp\/v2\/users\/4"}],"replies":[{"embeddable":true,"href":"https:\/\/defiendase.com\/index.php\/wp-json\/wp\/v2\/comments?post=6424"}],"version-history":[{"count":1,"href":"https:\/\/defiendase.com\/index.php\/wp-json\/wp\/v2\/posts\/6424\/revisions"}],"predecessor-version":[{"id":6426,"href":"https:\/\/defiendase.com\/index.php\/wp-json\/wp\/v2\/posts\/6424\/revisions\/6426"}],"wp:featuredmedia":[{"embeddable":true,"href":"https:\/\/defiendase.com\/index.php\/wp-json\/wp\/v2\/media\/6425"}],"wp:attachment":[{"href":"https:\/\/defiendase.com\/index.php\/wp-json\/wp\/v2\/media?parent=6424"}],"wp:term":[{"taxonomy":"category","embeddable":true,"href":"https:\/\/defiendase.com\/index.php\/wp-json\/wp\/v2\/categories?post=6424"},{"taxonomy":"post_tag","embeddable":true,"href":"https:\/\/defiendase.com\/index.php\/wp-json\/wp\/v2\/tags?post=6424"}],"curies":[{"name":"wp","href":"https:\/\/api.w.org\/{rel}","templated":true}]}}