{"id":6421,"date":"2025-09-09T11:54:18","date_gmt":"2025-09-09T14:54:18","guid":{"rendered":"https:\/\/defiendase.com\/?p=6421"},"modified":"2025-09-09T11:54:21","modified_gmt":"2025-09-09T14:54:21","slug":"la-desesperada-lucha-de-una-abuela-por-salvar-a-su-nieto-de-su-madre-adicta","status":"publish","type":"post","link":"https:\/\/defiendase.com\/index.php\/la-desesperada-lucha-de-una-abuela-por-salvar-a-su-nieto-de-su-madre-adicta\/","title":{"rendered":"La desesperada lucha de una abuela por salvar a su nieto de su madre adicta"},"content":{"rendered":"\n<p>\u201cNo quiero que sea otro caso Lucio\u201d. La frase temerosa es de Evangelina, una abuela desesperada que siente que la vida de su peque\u00f1o nieto de apenas un a\u00f1o y meses est\u00e1 en peligro. Y la referencia es al caso del nene de La Pampa que termin\u00f3 siendo asesinado por su propia madre y por su pareja en un contexto de abuso y violencia.&nbsp;<\/p>\n\n\n\n<p>Evangelina se hizo cargo de \u201cB\u201d cuando ten\u00eda apenas 6 meses. El estado de salud del beb\u00e9 era por entonces muy precario debido a que su mam\u00e1 sufre de adicciones y no lo cuidaba como correspond\u00eda. El ni\u00f1o hab\u00eda atravesado un calvario de violencia y abandono durante sus primeros meses de vida. Hay documentos que muestran que ten\u00eda sarna, hongos y que viv\u00eda sucio. Incluso en una circunstancia termin\u00f3 internado y drogado. Por esta raz\u00f3n el Servicio local de Protecci\u00f3n de la Ni\u00f1ez de Baradero consider\u00f3 conveniente aplicar una medida de abrigo y le dio el beb\u00e9 en guarda a su abuela.&nbsp;<\/p>\n\n\n\n<p>Pero este tipo de medidas son temporales y despu\u00e9s de un a\u00f1o y algunos meses, venci\u00f3 el plazo. Entonces una asistente social consider\u00f3 que la madre estaba en condiciones de retomar el v\u00ednculo.&nbsp;<\/p>\n\n\n\n<p>En el medio, la abuela hab\u00eda denunciado que el beb\u00e9 hab\u00eda sufrido todo tipo de maltratos e incluso un pediatra que lo revis\u00f3 consider\u00f3 que hab\u00eda indicios de un posible abuso. Por otro lado, la situaci\u00f3n de adicciones de la madre no hab\u00eda cambiado. Hasta el d\u00eda de hoy Evangelina denuncia que su hija (la mam\u00e1 del beb\u00e9) &nbsp;sigue con los mismos problemas de drogas y que incluso inici\u00f3 varias veces tratamientos de rehabilitaci\u00f3n y no pudo sostenerlos.&nbsp;<\/p>\n\n\n\n<p>Sin desatender las indicaciones de la justicia, pero bas\u00e1ndose en la evidencia de que el riesgo que corre \u201cB\u201d sigue siendo real y alto, la defensa de Evangelina pidi\u00f3 un proceso paulatino de revinculaci\u00f3n donde la madre sea sometida a distintas evaluaciones. El argumento es claro: el beb\u00e9 logr\u00f3 tener una buena vida al cuidado de su abuela y ese bienestar puede quebrarse al volver al hogar materno.&nbsp;<\/p>\n\n\n\n<p>Pero ese pedido l\u00f3gico choc\u00f3 con la insensibilidad de los funcionarios de Ni\u00f1ez. Ante la insistencia desesperada de Evangelina, que sigue advirtiendo que la madre del nene \u201cvive drogada y alcoholizada\u201d, la asistente social fue tajante. Dijo que debe volver a vivir con su madre y que \u201csi lo mata, ir\u00e1 presa\u201d.&nbsp;<\/p>\n\n\n\n<p>La situaci\u00f3n ahora es muy tensa. Evangelina se niega a entregar a su nieto y tiene miedo de que su hija lo termine asesinado. Lo dice con todas las letras y cada una de ellas le duele en el alma. Sin embargo, la justicia no la escucha. Ella denuncia que no investigaron la denuncia de abuso, que pese a que entreg\u00f3 fotos y audios que demuestran el contexto de extrema violencia en el que vive su hija, no tuvo respuesta y que los informes de salud mental que pidieron no aparecen en la causa.<\/p>\n\n\n\n<p>\u201cHicieron un circo b\u00e1rbaro y el juez no hizo nada. Despu\u00e9s pasan las cosas como en el caso de Lucio Dupuy. \u00bfY por qu\u00e9? Porque la justicia no act\u00faa o act\u00faa mal\u201d, dice Evangelina, que advierte: \u201cvoy a pelear por el nene porque est\u00e1 en riesgo su vida\u201d.<\/p>\n","protected":false},"excerpt":{"rendered":"<p>\u201cNo quiero que sea otro caso Lucio\u201d. La frase temerosa es de Evangelina, una abuela<\/p>\n","protected":false},"author":4,"featured_media":6422,"comment_status":"open","ping_status":"open","sticky":false,"template":"","format":"standard","meta":{"om_disable_all_campaigns":false,"_monsterinsights_skip_tracking":false,"_monsterinsights_sitenote_active":false,"_monsterinsights_sitenote_note":"","_monsterinsights_sitenote_category":0},"categories":[252],"tags":[],"aioseo_notices":[],"jetpack_featured_media_url":"https:\/\/defiendase.com\/wp-content\/uploads\/2025\/09\/IMG_5618.jpeg","post_mailing_queue_ids":[],"_links":{"self":[{"href":"https:\/\/defiendase.com\/index.php\/wp-json\/wp\/v2\/posts\/6421"}],"collection":[{"href":"https:\/\/defiendase.com\/index.php\/wp-json\/wp\/v2\/posts"}],"about":[{"href":"https:\/\/defiendase.com\/index.php\/wp-json\/wp\/v2\/types\/post"}],"author":[{"embeddable":true,"href":"https:\/\/defiendase.com\/index.php\/wp-json\/wp\/v2\/users\/4"}],"replies":[{"embeddable":true,"href":"https:\/\/defiendase.com\/index.php\/wp-json\/wp\/v2\/comments?post=6421"}],"version-history":[{"count":1,"href":"https:\/\/defiendase.com\/index.php\/wp-json\/wp\/v2\/posts\/6421\/revisions"}],"predecessor-version":[{"id":6423,"href":"https:\/\/defiendase.com\/index.php\/wp-json\/wp\/v2\/posts\/6421\/revisions\/6423"}],"wp:featuredmedia":[{"embeddable":true,"href":"https:\/\/defiendase.com\/index.php\/wp-json\/wp\/v2\/media\/6422"}],"wp:attachment":[{"href":"https:\/\/defiendase.com\/index.php\/wp-json\/wp\/v2\/media?parent=6421"}],"wp:term":[{"taxonomy":"category","embeddable":true,"href":"https:\/\/defiendase.com\/index.php\/wp-json\/wp\/v2\/categories?post=6421"},{"taxonomy":"post_tag","embeddable":true,"href":"https:\/\/defiendase.com\/index.php\/wp-json\/wp\/v2\/tags?post=6421"}],"curies":[{"name":"wp","href":"https:\/\/api.w.org\/{rel}","templated":true}]}}