{"id":6409,"date":"2025-09-08T09:57:53","date_gmt":"2025-09-08T12:57:53","guid":{"rendered":"https:\/\/defiendase.com\/?p=6409"},"modified":"2025-09-08T09:58:27","modified_gmt":"2025-09-08T12:58:27","slug":"cambio-de-epoca-de-vender-diarios-a-entregar-tarjetas-y-paquetes","status":"publish","type":"post","link":"https:\/\/defiendase.com\/index.php\/cambio-de-epoca-de-vender-diarios-a-entregar-tarjetas-y-paquetes\/","title":{"rendered":"Cambio de \u00e9poca: De vender diarios a entregar tarjetas y paquetes"},"content":{"rendered":"\n<p>A trav\u00e9s de un decreto, el Gobierno nacional derog\u00f3 el marco regulatorio para la venta y distribuci\u00f3n de diarios y revistas en la v\u00eda p\u00fablica y habilit\u00f3 as\u00ed a los puestos callejeros a poder brindar otros servicios, como por ejemplo recibir paquetes de correo postal.&nbsp;<\/p>\n\n\n\n<p>As\u00ed, a partir de ahora, los kioscos de diarios podr\u00e1n hacer entrega de correspondencia en general, de paqueter\u00eda de comercio electr\u00f3nico y tambi\u00e9n de tarjetas de cr\u00e9dito, d\u00e9bito, documentos de identidad y pasaportes.<\/p>\n\n\n\n<p>El decreto 629\/2025 sostiene que \u00abesta gesti\u00f3n de gobierno lleva adelante diversas medidas tendientes a eliminar restricciones al comercio, los servicios y la industria en todo el territorio nacional, as\u00ed como toda exigencia normativa que distorsione los precios de mercado, impida la libre iniciativa privada o evite la interacci\u00f3n espont\u00e1nea de la oferta y de la demanda\u00bb.<\/p>\n\n\n\n<p>Luego a\u00f1ade que para operar como casilla de correo los diarieros deber\u00e1n registrarse &nbsp;en el Ente Nacional de Comunicaciones o mediante un acuerdo con un operador postal autorizado.<\/p>\n\n\n\n<p>Con esto buscan darle una nueva funcionalidad a los kioscos de diarios que, con el auge de las p\u00e1ginas web fueron perdiendo clientela y, en muchas ocasiones, su raz\u00f3n de ser.<\/p>\n","protected":false},"excerpt":{"rendered":"<p>A trav\u00e9s de un decreto, el Gobierno nacional derog\u00f3 el marco regulatorio para la venta<\/p>\n","protected":false},"author":4,"featured_media":6410,"comment_status":"open","ping_status":"open","sticky":false,"template":"","format":"standard","meta":{"om_disable_all_campaigns":false,"_monsterinsights_skip_tracking":false,"_monsterinsights_sitenote_active":false,"_monsterinsights_sitenote_note":"","_monsterinsights_sitenote_category":0},"categories":[10],"tags":[],"aioseo_notices":[],"jetpack_featured_media_url":"https:\/\/defiendase.com\/wp-content\/uploads\/2025\/09\/IMG_6360.jpeg","post_mailing_queue_ids":[],"_links":{"self":[{"href":"https:\/\/defiendase.com\/index.php\/wp-json\/wp\/v2\/posts\/6409"}],"collection":[{"href":"https:\/\/defiendase.com\/index.php\/wp-json\/wp\/v2\/posts"}],"about":[{"href":"https:\/\/defiendase.com\/index.php\/wp-json\/wp\/v2\/types\/post"}],"author":[{"embeddable":true,"href":"https:\/\/defiendase.com\/index.php\/wp-json\/wp\/v2\/users\/4"}],"replies":[{"embeddable":true,"href":"https:\/\/defiendase.com\/index.php\/wp-json\/wp\/v2\/comments?post=6409"}],"version-history":[{"count":1,"href":"https:\/\/defiendase.com\/index.php\/wp-json\/wp\/v2\/posts\/6409\/revisions"}],"predecessor-version":[{"id":6411,"href":"https:\/\/defiendase.com\/index.php\/wp-json\/wp\/v2\/posts\/6409\/revisions\/6411"}],"wp:featuredmedia":[{"embeddable":true,"href":"https:\/\/defiendase.com\/index.php\/wp-json\/wp\/v2\/media\/6410"}],"wp:attachment":[{"href":"https:\/\/defiendase.com\/index.php\/wp-json\/wp\/v2\/media?parent=6409"}],"wp:term":[{"taxonomy":"category","embeddable":true,"href":"https:\/\/defiendase.com\/index.php\/wp-json\/wp\/v2\/categories?post=6409"},{"taxonomy":"post_tag","embeddable":true,"href":"https:\/\/defiendase.com\/index.php\/wp-json\/wp\/v2\/tags?post=6409"}],"curies":[{"name":"wp","href":"https:\/\/api.w.org\/{rel}","templated":true}]}}