{"id":6399,"date":"2025-09-05T09:14:48","date_gmt":"2025-09-05T12:14:48","guid":{"rendered":"https:\/\/defiendase.com\/?p=6399"},"modified":"2025-09-05T09:14:50","modified_gmt":"2025-09-05T12:14:50","slug":"duro-reves-del-congreso-a-milei","status":"publish","type":"post","link":"https:\/\/defiendase.com\/index.php\/duro-reves-del-congreso-a-milei\/","title":{"rendered":"Duro rev\u00e9s del Congreso a Milei"},"content":{"rendered":"\n<p>En una sesi\u00f3n que puede ser le\u00edda como una fuerte advertencia al Ejecutivo y su modo de administrar el pa\u00eds, el Senado de la Naci\u00f3n le marc\u00f3 la cancha a Javier Milei y rechaz\u00f3 el veto a la Ley de Discapacidad con una mayor\u00eda abrumadora. Hac\u00eda 22 a\u00f1os -desde 2003- que el Congreso no hac\u00eda caer un veto presidencial. Fueron 63 votos a favor y apenas 7 en contra. Adem\u00e1s le dieron media sanci\u00f3n a un proyecto que limita enormemente los decretos presidenciales y le da m\u00e1s poder al Congreso para permitir que entren en vigencia.&nbsp;<\/p>\n\n\n\n<p>De esta manera, la ley de Emergencia en Discapacidad deber\u00e1 ser promulgada por el Gobierno, que ahora busca estrategias para demorar su implementaci\u00f3n. Es que la norma incluye una reformulaci\u00f3n de las pensiones no contributivas, la actualizaci\u00f3n de aranceles, la condonaci\u00f3n de deudas a prestadores y el mantenimiento del r\u00e9gimen de empleo protegido.<\/p>\n\n\n\n<p>Pese a que el propio Javier Milei hab\u00eda advertido que si le rechazaban el veto ir\u00eda a la justicia, desde la Casa Rosada admiten que la hoja de ruta ser\u00eda otra. Por lo pronto, demorar\u00e1n lo m\u00e1s que se pueda la promulgaci\u00f3n de la ley, que seg\u00fan el presidente atenta contra el equilibrio fiscal. Y si la oposici\u00f3n va a tribunales a reclamar por la falta de implementaci\u00f3n, reci\u00e9n ah\u00ed se activar\u00e1n las movidas judiciales del Gobierno.&nbsp;<\/p>\n\n\n\n<p>Como si esto fuera poco, la C\u00e1mara Alta aprob\u00f3 con media sanci\u00f3n un proyecto que cambia la reglamentaci\u00f3n de los decretos de necesidad y urgencia. Si la iniciativa prospera en Diputados, los DNU deber\u00e1n ser tratados y aprobados dentro de los 90 d\u00edas por ambas c\u00e1maras del Congreso. Si un decreto no es tratado en ese tiempo o es rechazado por alguna de las dos c\u00e1maras, se caer\u00e1 inmediatamente y el presidente no podr\u00e1 insistir con otro sobre esa tem\u00e1tica hasta terminado el a\u00f1o parlamentario.&nbsp;<\/p>\n\n\n\n<p>Desde el oficialismo denunciaron que se trata de una maniobra para limitar a Javier Milei, m\u00e1s teniendo en cuenta que la ley que se modifica es una ley impulsada y votada por el kirchnerismo en 2006. Pero desde la oposici\u00f3n argumentan que no puede ser que sea tan f\u00e1cil gobernar mediante DNU con el Ejecutivo arrog\u00e1ndose facultades legislativas.&nbsp;<\/p>\n\n\n\n<p>En una semana signada por las turbulencias pol\u00edticas y econ\u00f3micas producto de la filtraci\u00f3n de audios de Karina Milei, las sospechas de presuntas coimas, la intervenci\u00f3n del mercado cambiario para contener al d\u00f3lar y la incertidumbre sobre lo que puede pasar en las elecciones legislativas bonaerenses el domingo, el Senado le dio otro mal trago al Gobierno. En la Rosada saben que octubre es el mes clave, porque all\u00ed podr\u00e1n lograr una composici\u00f3n del Congreso m\u00e1s af\u00edn a sus intereses. Es una inc\u00f3gnita si podr\u00e1n lograrlo.<\/p>\n","protected":false},"excerpt":{"rendered":"<p>En una sesi\u00f3n que puede ser le\u00edda como una fuerte advertencia al Ejecutivo y su<\/p>\n","protected":false},"author":4,"featured_media":6400,"comment_status":"open","ping_status":"open","sticky":false,"template":"","format":"standard","meta":{"om_disable_all_campaigns":false,"_monsterinsights_skip_tracking":false,"_monsterinsights_sitenote_active":false,"_monsterinsights_sitenote_note":"","_monsterinsights_sitenote_category":0},"categories":[263],"tags":[],"aioseo_notices":[],"jetpack_featured_media_url":"https:\/\/defiendase.com\/wp-content\/uploads\/2025\/09\/IMG_5424.jpeg","post_mailing_queue_ids":[],"_links":{"self":[{"href":"https:\/\/defiendase.com\/index.php\/wp-json\/wp\/v2\/posts\/6399"}],"collection":[{"href":"https:\/\/defiendase.com\/index.php\/wp-json\/wp\/v2\/posts"}],"about":[{"href":"https:\/\/defiendase.com\/index.php\/wp-json\/wp\/v2\/types\/post"}],"author":[{"embeddable":true,"href":"https:\/\/defiendase.com\/index.php\/wp-json\/wp\/v2\/users\/4"}],"replies":[{"embeddable":true,"href":"https:\/\/defiendase.com\/index.php\/wp-json\/wp\/v2\/comments?post=6399"}],"version-history":[{"count":1,"href":"https:\/\/defiendase.com\/index.php\/wp-json\/wp\/v2\/posts\/6399\/revisions"}],"predecessor-version":[{"id":6401,"href":"https:\/\/defiendase.com\/index.php\/wp-json\/wp\/v2\/posts\/6399\/revisions\/6401"}],"wp:featuredmedia":[{"embeddable":true,"href":"https:\/\/defiendase.com\/index.php\/wp-json\/wp\/v2\/media\/6400"}],"wp:attachment":[{"href":"https:\/\/defiendase.com\/index.php\/wp-json\/wp\/v2\/media?parent=6399"}],"wp:term":[{"taxonomy":"category","embeddable":true,"href":"https:\/\/defiendase.com\/index.php\/wp-json\/wp\/v2\/categories?post=6399"},{"taxonomy":"post_tag","embeddable":true,"href":"https:\/\/defiendase.com\/index.php\/wp-json\/wp\/v2\/tags?post=6399"}],"curies":[{"name":"wp","href":"https:\/\/api.w.org\/{rel}","templated":true}]}}