{"id":6369,"date":"2025-08-29T13:12:15","date_gmt":"2025-08-29T16:12:15","guid":{"rendered":"https:\/\/defiendase.com\/?p=6369"},"modified":"2025-08-29T13:39:17","modified_gmt":"2025-08-29T16:39:17","slug":"diputados-proponen-regular-el-uso-de-ia-en-las-locuciones-de-medios-audiovisuales","status":"publish","type":"post","link":"https:\/\/defiendase.com\/index.php\/diputados-proponen-regular-el-uso-de-ia-en-las-locuciones-de-medios-audiovisuales\/","title":{"rendered":"Diputados proponen regular el uso de IA en las locuciones de medios audiovisuales"},"content":{"rendered":"\n<p>Con el avance de la tecnolog\u00eda y la revoluci\u00f3n que propone la Inteligencia Artificial, muchos oficios y profesiones se vieron alterados e incluso en peligro de ser reemplazados. En el caso de la locuci\u00f3n, la irrupci\u00f3n de voces generadas por IA cre\u00f3 un vac\u00edo normativo. Por ese motivo, desde el bloque de la UCR de Diputados se present\u00f3 un proyecto de ley que busca regular el uso de IA en locuci\u00f3n y producci\u00f3n audiovisual, garantizando que las herramientas digitales no sean utilizadas en detrimento del empleo genuino y que se integren de manera \u00e9tica y responsable en la industria.<\/p>\n\n\n\n<p>Recordemos que la Ley 26.522 de Servicios de Comunicaci\u00f3n Audiovisual establece que las locuciones de radio y televisi\u00f3n deben ser realizadas por profesionales matriculados. Pero en la actualidad muchas de esas voces son clonadas o imitadas sin consentimiento.<\/p>\n\n\n\n<p>\u00abLa utilizaci\u00f3n de voces sint\u00e9ticas amenaza con desplazar a locutores profesionales, poniendo en riesgo sus fuentes de ingreso y la calidad del contenido que consumen millones de argentinos\u00bb, sostiene la autora del proyecto, Natalia Sarapura.<\/p>\n\n\n\n<p>La iniciativa busca prohibir que se use la Inteligencia Artificial para reciclar o imitar la voz de locutores matriculados sin su consentimiento expreso y propone que los locutores puedan registrar su voz en un Registro Nacional de Voces Sint\u00e9ticas con el objetivo de permitirles autorizar y comercializar el uso de su voz dentro un marco legal seguro.<\/p>\n\n\n\n<p>De acuerdo a la propuesta, el uso no autorizado de esas voces ser\u00e1 considerado una violaci\u00f3n a los derechos de propiedad y por eso el proyecto busca establecer sanciones para las empresas que utilicen IA sin respetar ese tipo de derechos. Seg\u00fan el texto, podr\u00edan aplicarse multas de hasta 1000 salarios m\u00ednimos, suspensiones de emisi\u00f3n de contenidos y hasta clausuras temporales en caso de reincidencia.<\/p>\n\n\n\n<p>\u00abEl futuro debe construirse con innovaci\u00f3n, pero tambi\u00e9n con justicia y respeto por quienes han dedicado su vida a esta profesi\u00f3n\u00bb, explica Sarapura. \u00abEsta iniciativa se inscribe en nuestra vocaci\u00f3n de construir un pa\u00eds m\u00e1s justo y equilibrado, donde el desarrollo tecnol\u00f3gico no signifique la precarizaci\u00f3n laboral ni la p\u00e9rdida de identidad cultural en los medios de comunicaci\u00f3n\u00bb, concluye.<\/p>\n\n\n\n<figure class=\"wp-block-video\"><video controls src=\"https:\/\/defiendase.com\/wp-content\/uploads\/2025\/08\/IMG_8282.mov\"><\/video><\/figure>\n","protected":false},"excerpt":{"rendered":"<p>Con el avance de la tecnolog\u00eda y la revoluci\u00f3n que propone la Inteligencia Artificial, muchos<\/p>\n","protected":false},"author":4,"featured_media":6370,"comment_status":"open","ping_status":"open","sticky":false,"template":"","format":"standard","meta":{"om_disable_all_campaigns":false,"_monsterinsights_skip_tracking":false,"_monsterinsights_sitenote_active":false,"_monsterinsights_sitenote_note":"","_monsterinsights_sitenote_category":0},"categories":[263],"tags":[],"aioseo_notices":[],"jetpack_featured_media_url":"https:\/\/defiendase.com\/wp-content\/uploads\/2025\/08\/locutor1.webp","post_mailing_queue_ids":[],"_links":{"self":[{"href":"https:\/\/defiendase.com\/index.php\/wp-json\/wp\/v2\/posts\/6369"}],"collection":[{"href":"https:\/\/defiendase.com\/index.php\/wp-json\/wp\/v2\/posts"}],"about":[{"href":"https:\/\/defiendase.com\/index.php\/wp-json\/wp\/v2\/types\/post"}],"author":[{"embeddable":true,"href":"https:\/\/defiendase.com\/index.php\/wp-json\/wp\/v2\/users\/4"}],"replies":[{"embeddable":true,"href":"https:\/\/defiendase.com\/index.php\/wp-json\/wp\/v2\/comments?post=6369"}],"version-history":[{"count":3,"href":"https:\/\/defiendase.com\/index.php\/wp-json\/wp\/v2\/posts\/6369\/revisions"}],"predecessor-version":[{"id":6377,"href":"https:\/\/defiendase.com\/index.php\/wp-json\/wp\/v2\/posts\/6369\/revisions\/6377"}],"wp:featuredmedia":[{"embeddable":true,"href":"https:\/\/defiendase.com\/index.php\/wp-json\/wp\/v2\/media\/6370"}],"wp:attachment":[{"href":"https:\/\/defiendase.com\/index.php\/wp-json\/wp\/v2\/media?parent=6369"}],"wp:term":[{"taxonomy":"category","embeddable":true,"href":"https:\/\/defiendase.com\/index.php\/wp-json\/wp\/v2\/categories?post=6369"},{"taxonomy":"post_tag","embeddable":true,"href":"https:\/\/defiendase.com\/index.php\/wp-json\/wp\/v2\/tags?post=6369"}],"curies":[{"name":"wp","href":"https:\/\/api.w.org\/{rel}","templated":true}]}}