{"id":6363,"date":"2025-08-28T13:17:00","date_gmt":"2025-08-28T16:17:00","guid":{"rendered":"https:\/\/defiendase.com\/?p=6363"},"modified":"2025-08-28T13:17:03","modified_gmt":"2025-08-28T16:17:03","slug":"mas-de-15-anos-sin-defensor-del-pueblo","status":"publish","type":"post","link":"https:\/\/defiendase.com\/index.php\/mas-de-15-anos-sin-defensor-del-pueblo\/","title":{"rendered":"M\u00e1s de 15 a\u00f1os sin Defensor del Pueblo"},"content":{"rendered":"\n<p>La Corte Suprema volvi\u00f3 a pedirle al Congreso que se ocupe de nombrar a un Defensor del Pueblo, un cargo que permanece vacante desde hace m\u00e1s de 15 a\u00f1os. Fue al rechazar una demanda que hab\u00eda impulsado el ex defensor Eduardo Mondino para que se reconocieran los alcances del caso Badaro a todos los jubilados y se aplicara una movilidad jubilatoria acorde a todo el colectivo.<\/p>\n\n\n\n<p>El m\u00e1ximo tribunal consider\u00f3 que el amparo resultaba inadmisible, pero adem\u00e1s hizo hincapi\u00e9 en la necesidad de nombrar a un nuevo titular de la Defensor\u00eda, vacante desde 2009.<\/p>\n\n\n\n<p>\u00abCorresponde reiterar la exhortaci\u00f3n formulada en Fallos: 339:1077 y Fallos: 339:1562 al Congreso de la Naci\u00f3n para que cumpla con su deber constitucional plasmado en el art. 86 y designe al Defensor del Pueblo de la Naci\u00f3n. Asimismo, se reitera la exhortaci\u00f3n realizada hace ya m\u00e1s de 15 a\u00f1os en el precedente \u201cHalabi\u201d, Fallos: 332:111 al Congreso de la Naci\u00f3n para que se sancione una ley que reglamente el ejercicio de los procesos colectivos\u00bb.<\/p>\n\n\n\n<p>La Defensor\u00eda del Pueblo fue creada en 1993 y cumple un papel clave en la protecci\u00f3n de los derechos humanos. Pero despu\u00e9s de que Eduardo Mondino dejara el cargo en 2009, qued\u00f3 vacante. Su misi\u00f3n es hacer valer las leyes y la Constituci\u00f3n ante hechos, actos u omisiones de la administraci\u00f3n p\u00fablica. Interviene en casos de desalojos, aumento de tarifas, problemas ambientales o protestas sociales y puede proponer modificaciones normativas y actuar como colaborador cr\u00edtico tanto del Poder Ejecutivo como del Poder Legislativo.&nbsp; Se trata de un organismo aut\u00f3nomo con facultades tanto preventivas como reparadoras en la defensa de los derechos de los ciudadanos.<\/p>\n\n\n\n<p>Para designar a un nuevo Defensor, ambas C\u00e1maras del Congreso deben seleccionar a un candidato con el voto de las dos terceras partes de sus miembros, pero en m\u00e1s de 15 a\u00f1os no lograron ponerse de acuerdo. Eso llev\u00f3 a un virtual vaciamiento de la instituci\u00f3n.<\/p>\n\n\n\n<p>Ahora la Corte volvi\u00f3 a pedirle a los diputados y senadores que asuman los compromisos asumidos y se pongan de acuerdo en un nuevo nombramiento. Habr\u00e1 que ver si esta vez los legisladores escuchan a los jueces.<\/p>\n","protected":false},"excerpt":{"rendered":"<p>La Corte Suprema volvi\u00f3 a pedirle al Congreso que se ocupe de nombrar a un<\/p>\n","protected":false},"author":4,"featured_media":6364,"comment_status":"open","ping_status":"open","sticky":false,"template":"","format":"standard","meta":{"om_disable_all_campaigns":false,"_monsterinsights_skip_tracking":false,"_monsterinsights_sitenote_active":false,"_monsterinsights_sitenote_note":"","_monsterinsights_sitenote_category":0},"categories":[16],"tags":[],"aioseo_notices":[],"jetpack_featured_media_url":"https:\/\/defiendase.com\/wp-content\/uploads\/2025\/08\/defensoria.jpeg","post_mailing_queue_ids":[],"_links":{"self":[{"href":"https:\/\/defiendase.com\/index.php\/wp-json\/wp\/v2\/posts\/6363"}],"collection":[{"href":"https:\/\/defiendase.com\/index.php\/wp-json\/wp\/v2\/posts"}],"about":[{"href":"https:\/\/defiendase.com\/index.php\/wp-json\/wp\/v2\/types\/post"}],"author":[{"embeddable":true,"href":"https:\/\/defiendase.com\/index.php\/wp-json\/wp\/v2\/users\/4"}],"replies":[{"embeddable":true,"href":"https:\/\/defiendase.com\/index.php\/wp-json\/wp\/v2\/comments?post=6363"}],"version-history":[{"count":1,"href":"https:\/\/defiendase.com\/index.php\/wp-json\/wp\/v2\/posts\/6363\/revisions"}],"predecessor-version":[{"id":6365,"href":"https:\/\/defiendase.com\/index.php\/wp-json\/wp\/v2\/posts\/6363\/revisions\/6365"}],"wp:featuredmedia":[{"embeddable":true,"href":"https:\/\/defiendase.com\/index.php\/wp-json\/wp\/v2\/media\/6364"}],"wp:attachment":[{"href":"https:\/\/defiendase.com\/index.php\/wp-json\/wp\/v2\/media?parent=6363"}],"wp:term":[{"taxonomy":"category","embeddable":true,"href":"https:\/\/defiendase.com\/index.php\/wp-json\/wp\/v2\/categories?post=6363"},{"taxonomy":"post_tag","embeddable":true,"href":"https:\/\/defiendase.com\/index.php\/wp-json\/wp\/v2\/tags?post=6363"}],"curies":[{"name":"wp","href":"https:\/\/api.w.org\/{rel}","templated":true}]}}