{"id":6354,"date":"2025-08-26T16:02:11","date_gmt":"2025-08-26T19:02:11","guid":{"rendered":"https:\/\/defiendase.com\/?p=6354"},"modified":"2025-08-26T16:02:14","modified_gmt":"2025-08-26T19:02:14","slug":"un-deudor-alimentario-que-oculto-bienes-fue-condenado-por-violencia-de-genero","status":"publish","type":"post","link":"https:\/\/defiendase.com\/index.php\/un-deudor-alimentario-que-oculto-bienes-fue-condenado-por-violencia-de-genero\/","title":{"rendered":"Un deudor alimentario que ocult\u00f3 bienes fue condenado por violencia de g\u00e9nero"},"content":{"rendered":"\n<p>El Tribunal Superior de Justicia de la Ciudad conden\u00f3 a un hombre por violencia de g\u00e9nero de tipo econ\u00f3mica al considerar que hab\u00eda ocultado bienes y patrimonio para perjudicar a su ex mujer con la cuota alimentaria.<\/p>\n\n\n\n<p>La acusaci\u00f3n inicial fue por insolvencia alimentaria fraudulenta. En primera instancia, la jueza consider\u00f3 que al eludir sus obligaciones, el hombre buscaba limitar los recursos de su ex mujer y desestabilizarla y que eso, en definitiva es una forma de violencia econ\u00f3mica. En el juicio se comprob\u00f3 que el acusado hab\u00eda transferido parte de su patrimonio para declararse incapaz de afrontar la cuota con su hijo.<\/p>\n\n\n\n<p>Sin embargo, la defensa apel\u00f3 y la C\u00e1mara revoc\u00f3 el fallo de primera instancia y lo absolvi\u00f3 argumentando que la demandante no hab\u00eda podido acreditar da\u00f1os psicol\u00f3gicos ni econ\u00f3micos.<\/p>\n\n\n\n<p>Pero la fiscal\u00eda present\u00f3 un recurso de queja considerando arbitraria la exclusi\u00f3n de la figura de violencia de g\u00e9nero. Este argumento fue escuchado por el Tribunal Superior, que entendi\u00f3 que no pagar la cuota alimentaria restring\u00eda los derechos tanto de la madre como del hijo en com\u00fan y que eso estaba agravado porque el acusado transfiri\u00f3 parte sus bienes&nbsp; para no cumplir.<\/p>\n\n\n\n<p>Finalmente, el caso fue nuevamente analizado en segunda instancia y el deudor fue condenado a dos a\u00f1os de prisi\u00f3n por incumplimiento del pago de la cuota alimentaria agravado por un contexto de violencia de g\u00e9nero tanto f\u00edsica, como psicol\u00f3gica y econ\u00f3mica.<\/p>\n","protected":false},"excerpt":{"rendered":"<p>El Tribunal Superior de Justicia de la Ciudad conden\u00f3 a un hombre por violencia de<\/p>\n","protected":false},"author":4,"featured_media":6355,"comment_status":"open","ping_status":"open","sticky":false,"template":"","format":"standard","meta":{"om_disable_all_campaigns":false,"_monsterinsights_skip_tracking":false,"_monsterinsights_sitenote_active":false,"_monsterinsights_sitenote_note":"","_monsterinsights_sitenote_category":0},"categories":[252],"tags":[],"aioseo_notices":[],"jetpack_featured_media_url":"https:\/\/defiendase.com\/wp-content\/uploads\/2025\/08\/tsj.jpg","post_mailing_queue_ids":[],"_links":{"self":[{"href":"https:\/\/defiendase.com\/index.php\/wp-json\/wp\/v2\/posts\/6354"}],"collection":[{"href":"https:\/\/defiendase.com\/index.php\/wp-json\/wp\/v2\/posts"}],"about":[{"href":"https:\/\/defiendase.com\/index.php\/wp-json\/wp\/v2\/types\/post"}],"author":[{"embeddable":true,"href":"https:\/\/defiendase.com\/index.php\/wp-json\/wp\/v2\/users\/4"}],"replies":[{"embeddable":true,"href":"https:\/\/defiendase.com\/index.php\/wp-json\/wp\/v2\/comments?post=6354"}],"version-history":[{"count":1,"href":"https:\/\/defiendase.com\/index.php\/wp-json\/wp\/v2\/posts\/6354\/revisions"}],"predecessor-version":[{"id":6356,"href":"https:\/\/defiendase.com\/index.php\/wp-json\/wp\/v2\/posts\/6354\/revisions\/6356"}],"wp:featuredmedia":[{"embeddable":true,"href":"https:\/\/defiendase.com\/index.php\/wp-json\/wp\/v2\/media\/6355"}],"wp:attachment":[{"href":"https:\/\/defiendase.com\/index.php\/wp-json\/wp\/v2\/media?parent=6354"}],"wp:term":[{"taxonomy":"category","embeddable":true,"href":"https:\/\/defiendase.com\/index.php\/wp-json\/wp\/v2\/categories?post=6354"},{"taxonomy":"post_tag","embeddable":true,"href":"https:\/\/defiendase.com\/index.php\/wp-json\/wp\/v2\/tags?post=6354"}],"curies":[{"name":"wp","href":"https:\/\/api.w.org\/{rel}","templated":true}]}}