{"id":6351,"date":"2025-08-25T12:36:37","date_gmt":"2025-08-25T15:36:37","guid":{"rendered":"https:\/\/defiendase.com\/?p=6351"},"modified":"2025-08-25T12:36:39","modified_gmt":"2025-08-25T15:36:39","slug":"un-proyecto-para-limitar-los-dnu-presidenciales","status":"publish","type":"post","link":"https:\/\/defiendase.com\/index.php\/un-proyecto-para-limitar-los-dnu-presidenciales\/","title":{"rendered":"Un proyecto para limitar los DNU presidenciales"},"content":{"rendered":"\n<p>La oposici\u00f3n en el Senado busca modificar la ley que regula los decretos presidenciales y darle m\u00e1s poder al Congreso a la hora de avalarlos o rechazarlos.&nbsp;<\/p>\n\n\n\n<p>La autora del proyecto es la titular de la Comisi\u00f3n de Asuntos Constitucionales, Alejandra Vigo, que sostuvo que \u00ablos DNU son instrumentos de excepci\u00f3n que contravienen la idea de la separaci\u00f3n de poderes\u00bb y por eso deben ser debidamente controlados.&nbsp;<\/p>\n\n\n\n<p>Concretamente el texto propone modificar la Ley 26.122 impulsada por el kirchnerismo en 2006. Esta norma sostiene que para que un DNU se caiga, debe tener el rechazo de ambas c\u00e1maras. Seg\u00fan esta legislaci\u00f3n, si las c\u00e1maras no lo tratan o lo tratan y una sola de ellas lo aprueba, el DNU sigue vigente. Los especialistas se\u00f1alan que esto consagra la aprobaci\u00f3n t\u00e1cita de los DNU por la sola inacci\u00f3n del Congreso.&nbsp;<\/p>\n\n\n\n<p>Por esa raz\u00f3n los senadores buscan que a partir de ahora los decretos presidenciales deban ser tratados obligatoriamente por ambas c\u00e1maras en un plazo de 3 meses desde su publicaci\u00f3n y que tengan que ser aprobados tanto por el Senado como por Diputados con mayor\u00eda absoluta para tener vigencia. Contrariamente a lo que rige ahora, si una c\u00e1mara no lo trata en esos 90 d\u00edas o lo rechaza, el DNU quedar\u00eda derogado.&nbsp;<\/p>\n\n\n\n<p>Por otro lado, al igual que sucede con las leyes que son rechazadas en el Congreso, seg\u00fan el nuevo proyecto el Poder Ejecutivo no podr\u00e1 dictar un nuevo decreto sobre ese mismo tema hasta que termine el a\u00f1o parlamentario en el que se rechaz\u00f3 el DNU.<\/p>\n\n\n\n<p>Tambi\u00e9n proponen modificar la Comisi\u00f3n Bicameral encargada de tratar de los decretos, que ahora est\u00e1 presidida por el oficialista Oscar Zago y que por ley deber\u00eda quedar siempre en manos de la oposici\u00f3n.&nbsp;<\/p>\n\n\n\n<p>Desde la bancada libertaria no ven con buenos ojos esta iniciativa que en definitiva limita al Poder Ejecutivo. Pero la realidad es que en la actualidad tanto los DNU como los decretos delegados suponen un gran poder del presidente que s\u00f3lo en raras ocasiones puede ser revertido por un contrapeso efectivo en el Congreso.&nbsp;<\/p>\n","protected":false},"excerpt":{"rendered":"<p>La oposici\u00f3n en el Senado busca modificar la ley que regula los decretos presidenciales y<\/p>\n","protected":false},"author":4,"featured_media":6352,"comment_status":"open","ping_status":"open","sticky":false,"template":"","format":"standard","meta":{"om_disable_all_campaigns":false,"_monsterinsights_skip_tracking":false,"_monsterinsights_sitenote_active":false,"_monsterinsights_sitenote_note":"","_monsterinsights_sitenote_category":0},"categories":[263],"tags":[],"aioseo_notices":[],"jetpack_featured_media_url":"https:\/\/defiendase.com\/wp-content\/uploads\/2025\/08\/IMG_5077.webp","post_mailing_queue_ids":[],"_links":{"self":[{"href":"https:\/\/defiendase.com\/index.php\/wp-json\/wp\/v2\/posts\/6351"}],"collection":[{"href":"https:\/\/defiendase.com\/index.php\/wp-json\/wp\/v2\/posts"}],"about":[{"href":"https:\/\/defiendase.com\/index.php\/wp-json\/wp\/v2\/types\/post"}],"author":[{"embeddable":true,"href":"https:\/\/defiendase.com\/index.php\/wp-json\/wp\/v2\/users\/4"}],"replies":[{"embeddable":true,"href":"https:\/\/defiendase.com\/index.php\/wp-json\/wp\/v2\/comments?post=6351"}],"version-history":[{"count":1,"href":"https:\/\/defiendase.com\/index.php\/wp-json\/wp\/v2\/posts\/6351\/revisions"}],"predecessor-version":[{"id":6353,"href":"https:\/\/defiendase.com\/index.php\/wp-json\/wp\/v2\/posts\/6351\/revisions\/6353"}],"wp:featuredmedia":[{"embeddable":true,"href":"https:\/\/defiendase.com\/index.php\/wp-json\/wp\/v2\/media\/6352"}],"wp:attachment":[{"href":"https:\/\/defiendase.com\/index.php\/wp-json\/wp\/v2\/media?parent=6351"}],"wp:term":[{"taxonomy":"category","embeddable":true,"href":"https:\/\/defiendase.com\/index.php\/wp-json\/wp\/v2\/categories?post=6351"},{"taxonomy":"post_tag","embeddable":true,"href":"https:\/\/defiendase.com\/index.php\/wp-json\/wp\/v2\/tags?post=6351"}],"curies":[{"name":"wp","href":"https:\/\/api.w.org\/{rel}","templated":true}]}}