{"id":6348,"date":"2025-08-22T12:04:07","date_gmt":"2025-08-22T15:04:07","guid":{"rendered":"https:\/\/defiendase.com\/?p=6348"},"modified":"2025-08-22T12:04:11","modified_gmt":"2025-08-22T15:04:11","slug":"llevaba-a-su-amigo-en-su-auto-chocaron-y-ahora-debe-indemnizarlo","status":"publish","type":"post","link":"https:\/\/defiendase.com\/index.php\/llevaba-a-su-amigo-en-su-auto-chocaron-y-ahora-debe-indemnizarlo\/","title":{"rendered":"Llevaba a su amigo en su auto, chocaron y ahora debe indemnizarlo"},"content":{"rendered":"\n<p>La justicia le dio la raz\u00f3n a un hombre que result\u00f3 gravemente herido tras un accidente de vial y que demand\u00f3 a su amigo, que manejaba el veh\u00edculo en el momento del choque.&nbsp;<\/p>\n\n\n\n<p>El siniestro ocurri\u00f3 en febrero de 2021 en el cruce de las calles Hip\u00f3lito Yrigoyen y Sarmiento, en Jos\u00e9 C Paz. El conductor perdi\u00f3 el control, choc\u00f3 contra una palmera y volc\u00f3. Y su acompa\u00f1ante, que despu\u00e9s se transform\u00f3 en su denunciante, sali\u00f3 despedido del auto y qued\u00f3 con importantes secuelas que ahora le representan una incapacidad permanente del 48% en su cuerpo.&nbsp;<\/p>\n\n\n\n<p>La sala M de la C\u00e1mara Nacional de Apelaciones en lo Civil consider\u00f3 como atenuante que el demandante no iba con cintur\u00f3n de seguridad, pero de todas formas conden\u00f3 al hombre que manejaba a pagarle una indemnizaci\u00f3n superior a los 15 millones de pesos.<\/p>\n\n\n\n<p>En el fallo en primera instancia, el juez hab\u00eda considerado que la decisi\u00f3n de subirse al auto no implicaba \u00abuna asunci\u00f3n de riesgos que limite o atempere la imputaci\u00f3n objetiva de responsabilidad prevista en art\u00edculo 1757 del C\u00f3digo Civil y Comercial\u00bb.<\/p>\n\n\n\n<p>Luego la C\u00e1mara sostuvo que \u00abla omisi\u00f3n de usar el cintur\u00f3n de seguridad puede hacer que, a pesar de ser el demandado totalmente responsable por el siniestro, algunos da\u00f1os hubieran sido menores si la v\u00edctima hubiese tomado dicha precauci\u00f3n\u00bb.<\/p>\n\n\n\n<p>As\u00ed, la indemnizaci\u00f3n pautada llega a los 15.450.000 pesos. Y la amistad que compart\u00edan qued\u00f3 sepultada para siempre bajo esa suma de dinero.&nbsp;<\/p>\n","protected":false},"excerpt":{"rendered":"<p>La justicia le dio la raz\u00f3n a un hombre que result\u00f3 gravemente herido tras un<\/p>\n","protected":false},"author":4,"featured_media":6349,"comment_status":"open","ping_status":"open","sticky":false,"template":"","format":"standard","meta":{"om_disable_all_campaigns":false,"_monsterinsights_skip_tracking":false,"_monsterinsights_sitenote_active":false,"_monsterinsights_sitenote_note":"","_monsterinsights_sitenote_category":0},"categories":[16],"tags":[],"aioseo_notices":[],"jetpack_featured_media_url":"https:\/\/defiendase.com\/wp-content\/uploads\/2025\/08\/IMG_5372.webp","post_mailing_queue_ids":[],"_links":{"self":[{"href":"https:\/\/defiendase.com\/index.php\/wp-json\/wp\/v2\/posts\/6348"}],"collection":[{"href":"https:\/\/defiendase.com\/index.php\/wp-json\/wp\/v2\/posts"}],"about":[{"href":"https:\/\/defiendase.com\/index.php\/wp-json\/wp\/v2\/types\/post"}],"author":[{"embeddable":true,"href":"https:\/\/defiendase.com\/index.php\/wp-json\/wp\/v2\/users\/4"}],"replies":[{"embeddable":true,"href":"https:\/\/defiendase.com\/index.php\/wp-json\/wp\/v2\/comments?post=6348"}],"version-history":[{"count":1,"href":"https:\/\/defiendase.com\/index.php\/wp-json\/wp\/v2\/posts\/6348\/revisions"}],"predecessor-version":[{"id":6350,"href":"https:\/\/defiendase.com\/index.php\/wp-json\/wp\/v2\/posts\/6348\/revisions\/6350"}],"wp:featuredmedia":[{"embeddable":true,"href":"https:\/\/defiendase.com\/index.php\/wp-json\/wp\/v2\/media\/6349"}],"wp:attachment":[{"href":"https:\/\/defiendase.com\/index.php\/wp-json\/wp\/v2\/media?parent=6348"}],"wp:term":[{"taxonomy":"category","embeddable":true,"href":"https:\/\/defiendase.com\/index.php\/wp-json\/wp\/v2\/categories?post=6348"},{"taxonomy":"post_tag","embeddable":true,"href":"https:\/\/defiendase.com\/index.php\/wp-json\/wp\/v2\/tags?post=6348"}],"curies":[{"name":"wp","href":"https:\/\/api.w.org\/{rel}","templated":true}]}}