{"id":6345,"date":"2025-08-21T13:36:28","date_gmt":"2025-08-21T16:36:28","guid":{"rendered":"https:\/\/defiendase.com\/?p=6345"},"modified":"2025-08-21T13:36:31","modified_gmt":"2025-08-21T16:36:31","slug":"ley-de-emergencia-en-discapacidad-el-gobierno-le-apunta-al-juez-que-anulo-el-veto-y-evalua-alternativas-ante-el-rechazo-del-congreso","status":"publish","type":"post","link":"https:\/\/defiendase.com\/index.php\/ley-de-emergencia-en-discapacidad-el-gobierno-le-apunta-al-juez-que-anulo-el-veto-y-evalua-alternativas-ante-el-rechazo-del-congreso\/","title":{"rendered":"Ley de Emergencia en Discapacidad: el Gobierno le apunta al juez que anul\u00f3 el veto y eval\u00faa alternativas ante el rechazo del Congreso"},"content":{"rendered":"\n<p>El Gobierno denunciar\u00e1 ante el Consejo de la Magistratura al juez que anul\u00f3 el veto de Javier Milei a la Ley de Emergencia en Discapacidad. Adem\u00e1s, desde la Casa Rosada adelantaron que apelar\u00e1n el fallo ante la C\u00e1mara Federal de San Mart\u00edn.<\/p>\n\n\n\n<p>La decisi\u00f3n de Adri\u00e1n Gonz\u00e1lez Charvay, a cargo del Juzgado de Campana, hab\u00eda declarado inv\u00e1lido el rechazo presidencial a la ley que aumentaba los fondos para las prestaciones a personas con discapacidad. El juez consider\u00f3 que el veto afectaba a personas vulnerables a las que el Estado deb\u00eda proteger y atender y con esto, violaba derechos b\u00e1sicos.<\/p>\n\n\n\n<p>Pero para el Ejecutivo, el magistrado \u00abse extralimit\u00f3 en sus funciones\u00bb y su decisi\u00f3n vulnera facultades exclusivas del Poder Ejecutivo -como lo es un veto- establecidas por la Constituci\u00f3n. Por esa raz\u00f3n, lo acusar\u00e1n de mal desempe\u00f1o de sus funciones y pedir\u00e1n una sanci\u00f3n en su contra.<\/p>\n\n\n\n<p>En paralelo, los equipos legales de la Presidencia ya trabajan en la apelaci\u00f3n del fallo de Gonz\u00e1lez Charvay pese a que en el Congreso avanza tambi\u00e9n el rechazo al veto.<\/p>\n\n\n\n<p>Si el Senado vota en consonancia con Diputados y, al igual que la justicia, rechaza el veto, el Gobierno analiza dos caminos. El primero es ir a la Corte Suprema y pedir que se declare nula la sesi\u00f3n de la C\u00e1mara Alta en la que se debati\u00f3 y se sancion\u00f3 la ley porque, seg\u00fan el oficialismo, la convocatoria al debate no sigui\u00f3 los procedimientos correctos. La segunda es hacer una presentaci\u00f3n ante el fuero contencioso administrativo para plantear que al no contar con&nbsp; fuentes de financiamiento, la ley es inaplicable.<\/p>\n\n\n\n<p>Desde la Casa Rosada insisten en que de ninguna manera se va permitir que la Ley de Emergencia en Discapacidad se promulgue. Sin embargo, el recorrido en la justicia es complejo.<\/p>\n\n\n\n<p>Para colmo, en las pr\u00f3ximas horas el Senado podr\u00eda convertir en ley el Financiamiento Universitario y la Emergencia Pedi\u00e1trica, que suma fondos al hospital Garrahan. Ambas iniciativas tambi\u00e9n ser\u00e1n vetadas y abrir\u00e1n nuevos frentes en el Congreso y en la justicia ante una opini\u00f3n p\u00fablica cada vez m\u00e1s sensible y a semanas de unas elecciones clave para el Gobierno.<\/p>\n\n\n\n<p><\/p>\n","protected":false},"excerpt":{"rendered":"<p>El Gobierno denunciar\u00e1 ante el Consejo de la Magistratura al juez que anul\u00f3 el veto<\/p>\n","protected":false},"author":4,"featured_media":6346,"comment_status":"open","ping_status":"open","sticky":false,"template":"","format":"standard","meta":{"om_disable_all_campaigns":false,"_monsterinsights_skip_tracking":false,"_monsterinsights_sitenote_active":false,"_monsterinsights_sitenote_note":"","_monsterinsights_sitenote_category":0},"categories":[17],"tags":[],"aioseo_notices":[],"jetpack_featured_media_url":"https:\/\/defiendase.com\/wp-content\/uploads\/2025\/08\/image-1.png","post_mailing_queue_ids":[],"_links":{"self":[{"href":"https:\/\/defiendase.com\/index.php\/wp-json\/wp\/v2\/posts\/6345"}],"collection":[{"href":"https:\/\/defiendase.com\/index.php\/wp-json\/wp\/v2\/posts"}],"about":[{"href":"https:\/\/defiendase.com\/index.php\/wp-json\/wp\/v2\/types\/post"}],"author":[{"embeddable":true,"href":"https:\/\/defiendase.com\/index.php\/wp-json\/wp\/v2\/users\/4"}],"replies":[{"embeddable":true,"href":"https:\/\/defiendase.com\/index.php\/wp-json\/wp\/v2\/comments?post=6345"}],"version-history":[{"count":1,"href":"https:\/\/defiendase.com\/index.php\/wp-json\/wp\/v2\/posts\/6345\/revisions"}],"predecessor-version":[{"id":6347,"href":"https:\/\/defiendase.com\/index.php\/wp-json\/wp\/v2\/posts\/6345\/revisions\/6347"}],"wp:featuredmedia":[{"embeddable":true,"href":"https:\/\/defiendase.com\/index.php\/wp-json\/wp\/v2\/media\/6346"}],"wp:attachment":[{"href":"https:\/\/defiendase.com\/index.php\/wp-json\/wp\/v2\/media?parent=6345"}],"wp:term":[{"taxonomy":"category","embeddable":true,"href":"https:\/\/defiendase.com\/index.php\/wp-json\/wp\/v2\/categories?post=6345"},{"taxonomy":"post_tag","embeddable":true,"href":"https:\/\/defiendase.com\/index.php\/wp-json\/wp\/v2\/tags?post=6345"}],"curies":[{"name":"wp","href":"https:\/\/api.w.org\/{rel}","templated":true}]}}