{"id":6332,"date":"2025-08-20T15:48:07","date_gmt":"2025-08-20T18:48:07","guid":{"rendered":"https:\/\/defiendase.com\/?p=6332"},"modified":"2025-08-20T15:48:09","modified_gmt":"2025-08-20T18:48:09","slug":"avanza-una-iniciativa-contra-las-falsas-denuncias-de-violencia-de-genero","status":"publish","type":"post","link":"https:\/\/defiendase.com\/index.php\/avanza-una-iniciativa-contra-las-falsas-denuncias-de-violencia-de-genero\/","title":{"rendered":"Avanza una iniciativa contra las falsas denuncias de violencia de g\u00e9nero"},"content":{"rendered":"\n<p>El pr\u00f3ximo 9 de septiembre se celebra a nivel mundial el d\u00eda contra las falsas denuncias de g\u00e9nero, una jornada de reflexi\u00f3n y reclamos contra una pr\u00e1ctica que destruye familias, genera condena social y puede conducir a infiernos personales impensados. La idea de este d\u00eda es concientizar sobre este delito que tiene consecuencias de todo tipo sobre el denunciado y todo su entorno social &nbsp;pero que no est\u00e1 debidamente tipificado en el c\u00f3digo penal en nuestro pa\u00eds.&nbsp;<\/p>\n\n\n\n<p>Por esta raz\u00f3n, en el Senado ya tiene dictamen una iniciativa presentada por la senadora Carolina Losada para elevar las penas contra las falsas denuncias y lograr una adecuada tipificaci\u00f3n del delito que se corresponda con sus devastadores efectos.\u00a0<\/p>\n\n\n\n<p><\/p>\n\n\n\n<figure class=\"wp-block-video\"><video controls src=\"https:\/\/defiendase.com\/wp-content\/uploads\/2025\/08\/WhatsApp-Video-2025-08-20-at-09.37.29-1.mp4\"><\/video><\/figure>\n\n\n\n<p>El proyecto cuenta con el apoyo del Frente de Mujeres contra las Falsas Denuncias, cuya referente es Andrea Guacci, esposa de Diego Guacci, ex DT de la selecci\u00f3n argentina de f\u00fatbol femenino que fue v\u00edctima de este tipo de denuncias an\u00f3nimas y falsas.<\/p>\n\n\n\n<p>\u00abLas falsas denuncias son acusaciones aberrantes basadas en mentiras con un desprecio absoluto por la verdad que no tienen consecuencias legales inmediatas, que no tienen carga probatoria o que es falsa, que buscan provocar un da\u00f1o y que generan exclusi\u00f3n, rechazo, condena social, escraches y acoso selectivo. Este tipo de delito provoca verg\u00fcenza, depresi\u00f3n, miedo e incluso puede llevar tristemente al suicidio\u00bb, describe Guacci.<\/p>\n\n\n\n<p>Debido a sus consecuencias, no deben ser tomadas a la ligera. \u00abSon un crimen\u00bb, dice tajante la mujer que experiment\u00f3 esa situaci\u00f3n en carne propia. Y explica que las denuncias suelen hacerse por venganza, para ocultar infidelidades, para extorsionar o &nbsp;para quitarle un puesto laboral a alguien. \u00abLo grave es que no existen pruebas contundentes pero la justicia se suele basar en el relato del denunciante y no hay investigaci\u00f3n\u00bb, agrega.<\/p>\n\n\n\n<p>Quienes impulsan el proyecto puntualizan que hay una desatenci\u00f3n a las verdaderas v\u00edctimas que son, parad\u00f3jicamente, los denunciados. \u201cCuando una denuncia se desestima se habla de falta de pruebas, pero no se castiga el da\u00f1o que se provoca\u00bb, afirma Guacci que revela que las multas por ese tipo de delitos son de unos 30 mil pesos.&nbsp;<\/p>\n\n\n\n<p>En mayo de 2023 el proyecto no logr\u00f3 avales pero volvi\u00f3 a ser presentado y en marzo de este a\u00f1o obtuvo dictamen. Ahora se espera que el Senado le de debate en el recinto para evitar que casos que se producen de a miles sigan destruyendo vidas y familias.<\/p>\n\n\n\n<figure class=\"wp-block-video\"><\/figure>\n","protected":false},"excerpt":{"rendered":"<p>El pr\u00f3ximo 9 de septiembre se celebra a nivel mundial el d\u00eda contra las falsas<\/p>\n","protected":false},"author":4,"featured_media":6333,"comment_status":"open","ping_status":"open","sticky":false,"template":"","format":"standard","meta":{"om_disable_all_campaigns":false,"_monsterinsights_skip_tracking":false,"_monsterinsights_sitenote_active":false,"_monsterinsights_sitenote_note":"","_monsterinsights_sitenote_category":0},"categories":[263],"tags":[],"aioseo_notices":[],"jetpack_featured_media_url":"https:\/\/defiendase.com\/wp-content\/uploads\/2025\/08\/IMG_5288.png","post_mailing_queue_ids":[],"_links":{"self":[{"href":"https:\/\/defiendase.com\/index.php\/wp-json\/wp\/v2\/posts\/6332"}],"collection":[{"href":"https:\/\/defiendase.com\/index.php\/wp-json\/wp\/v2\/posts"}],"about":[{"href":"https:\/\/defiendase.com\/index.php\/wp-json\/wp\/v2\/types\/post"}],"author":[{"embeddable":true,"href":"https:\/\/defiendase.com\/index.php\/wp-json\/wp\/v2\/users\/4"}],"replies":[{"embeddable":true,"href":"https:\/\/defiendase.com\/index.php\/wp-json\/wp\/v2\/comments?post=6332"}],"version-history":[{"count":1,"href":"https:\/\/defiendase.com\/index.php\/wp-json\/wp\/v2\/posts\/6332\/revisions"}],"predecessor-version":[{"id":6339,"href":"https:\/\/defiendase.com\/index.php\/wp-json\/wp\/v2\/posts\/6332\/revisions\/6339"}],"wp:featuredmedia":[{"embeddable":true,"href":"https:\/\/defiendase.com\/index.php\/wp-json\/wp\/v2\/media\/6333"}],"wp:attachment":[{"href":"https:\/\/defiendase.com\/index.php\/wp-json\/wp\/v2\/media?parent=6332"}],"wp:term":[{"taxonomy":"category","embeddable":true,"href":"https:\/\/defiendase.com\/index.php\/wp-json\/wp\/v2\/categories?post=6332"},{"taxonomy":"post_tag","embeddable":true,"href":"https:\/\/defiendase.com\/index.php\/wp-json\/wp\/v2\/tags?post=6332"}],"curies":[{"name":"wp","href":"https:\/\/api.w.org\/{rel}","templated":true}]}}