{"id":6329,"date":"2025-08-19T12:21:48","date_gmt":"2025-08-19T15:21:48","guid":{"rendered":"https:\/\/defiendase.com\/?p=6329"},"modified":"2025-08-19T12:21:51","modified_gmt":"2025-08-19T15:21:51","slug":"la-justicia-declaro-invalido-el-veto-a-la-ley-de-emergencia-en-discapacidad","status":"publish","type":"post","link":"https:\/\/defiendase.com\/index.php\/la-justicia-declaro-invalido-el-veto-a-la-ley-de-emergencia-en-discapacidad\/","title":{"rendered":"La justicia declar\u00f3 invalid\u00f3 el veto a la Ley de Emergencia en Discapacidad"},"content":{"rendered":"\n<p>La inflexible posici\u00f3n que adopt\u00f3 Javier Milei frente a cualquier iniciativa que, a su criterio, comprometa las metas de equilibrio fiscal sufri\u00f3 un rev\u00e9s en la justicia. El Juzgado Federal de Campana, a cargo de Adri\u00e1n Gonz\u00e1lez Charvay, declar\u00f3 la invalidez del veto presidencial a la Ley de Emergencia en Discapacidad aprobada recientemente en el Congreso.<\/p>\n\n\n\n<p>Seg\u00fan el juez, \u00abel derecho a la salud, educaci\u00f3n y rehabilitaci\u00f3n de ni\u00f1os con discapacidad debe prevalecer frente a restricciones presupuestarias, y que el Estado Argentino est\u00e1 obligado a cumplir con los est\u00e1ndares constitucionales e internacionales que garantizan la protecci\u00f3n integral de los grupos m\u00e1s vulnerables\u00bb.<\/p>\n\n\n\n<p>El fallo se da a partir de un amparo presentado por las familias de dos chicos con discapacidad, que a los ojos del magistrado son \u00abpersonas en situaci\u00f3n de m\u00faltiple vulnerabilidad por su condici\u00f3n de ni\u00f1os y de personas con discapacidad, de lo que se desprende que sus derechos deben ser objeto de protecci\u00f3n especial\u00bb.<\/p>\n\n\n\n<p>\u00abEl veto&nbsp; provoca como resultado directo el deterioro progresivo de servicios y prestaciones a la salud que afecta a un grupo de personas que se encuentran en una situaci\u00f3n de vulnerabilidad y demandan una protecci\u00f3n especial por parte del Estado, en cumplimiento de las obligaciones constitucionales e internacionales\u00bb, reafirma el escrito de Gonz\u00e1lez Charvay.<\/p>\n\n\n\n<p>El magistrado agreg\u00f3 que el Estado puede reasignar parte del presupuesto sin afectar el d\u00e9ficit cero y que la decisi\u00f3n de Milei de rechazar la Ley viola \u00abel est\u00e1ndar internacional de utilizaci\u00f3n de \u2018m\u00e1ximo de recursos disponibles\u2019, conforme los lineamientos establecidos por la Corte Suprema de Justicia de la Naci\u00f3n\u00bb.<\/p>\n\n\n\n<p>Con esto, se entiende que ca\u00eddo el veto hay una promulgaci\u00f3n t\u00e1cita de la ley, por lo que la Emergencia en discapacidad ya estar\u00eda vigente. El texto de la iniciativa inclu\u00eda un financiamiento adecuado y sostenible de las pensiones no contributivas por discapacidad, el apoyo a los prestadores de salud y medidas para asegurar los fondos para la Agencia Nacional de Discapacidad y sostener la Ley de Empleo Protegido para personas con discapacidad.<\/p>\n","protected":false},"excerpt":{"rendered":"<p>La inflexible posici\u00f3n que adopt\u00f3 Javier Milei frente a cualquier iniciativa que, a su criterio,<\/p>\n","protected":false},"author":4,"featured_media":6330,"comment_status":"open","ping_status":"open","sticky":false,"template":"","format":"standard","meta":{"om_disable_all_campaigns":false,"_monsterinsights_skip_tracking":false,"_monsterinsights_sitenote_active":false,"_monsterinsights_sitenote_note":"","_monsterinsights_sitenote_category":0},"categories":[17],"tags":[],"aioseo_notices":[],"jetpack_featured_media_url":"https:\/\/defiendase.com\/wp-content\/uploads\/2025\/08\/ley-de-emergencia.jpg","post_mailing_queue_ids":[],"_links":{"self":[{"href":"https:\/\/defiendase.com\/index.php\/wp-json\/wp\/v2\/posts\/6329"}],"collection":[{"href":"https:\/\/defiendase.com\/index.php\/wp-json\/wp\/v2\/posts"}],"about":[{"href":"https:\/\/defiendase.com\/index.php\/wp-json\/wp\/v2\/types\/post"}],"author":[{"embeddable":true,"href":"https:\/\/defiendase.com\/index.php\/wp-json\/wp\/v2\/users\/4"}],"replies":[{"embeddable":true,"href":"https:\/\/defiendase.com\/index.php\/wp-json\/wp\/v2\/comments?post=6329"}],"version-history":[{"count":1,"href":"https:\/\/defiendase.com\/index.php\/wp-json\/wp\/v2\/posts\/6329\/revisions"}],"predecessor-version":[{"id":6331,"href":"https:\/\/defiendase.com\/index.php\/wp-json\/wp\/v2\/posts\/6329\/revisions\/6331"}],"wp:featuredmedia":[{"embeddable":true,"href":"https:\/\/defiendase.com\/index.php\/wp-json\/wp\/v2\/media\/6330"}],"wp:attachment":[{"href":"https:\/\/defiendase.com\/index.php\/wp-json\/wp\/v2\/media?parent=6329"}],"wp:term":[{"taxonomy":"category","embeddable":true,"href":"https:\/\/defiendase.com\/index.php\/wp-json\/wp\/v2\/categories?post=6329"},{"taxonomy":"post_tag","embeddable":true,"href":"https:\/\/defiendase.com\/index.php\/wp-json\/wp\/v2\/tags?post=6329"}],"curies":[{"name":"wp","href":"https:\/\/api.w.org\/{rel}","templated":true}]}}