{"id":6317,"date":"2025-08-14T10:43:10","date_gmt":"2025-08-14T13:43:10","guid":{"rendered":"https:\/\/defiendase.com\/?p=6317"},"modified":"2025-08-14T10:43:12","modified_gmt":"2025-08-14T13:43:12","slug":"el-desesperado-reclamo-de-un-argentino-por-su-hija-en-espana","status":"publish","type":"post","link":"https:\/\/defiendase.com\/index.php\/el-desesperado-reclamo-de-un-argentino-por-su-hija-en-espana\/","title":{"rendered":"El desesperado reclamo de un argentino por su hija en Espa\u00f1a"},"content":{"rendered":"\n<p>Un argentino con ciudadan\u00eda italiana que vive en Canarias, Espa\u00f1a, denunci\u00f3 que su ex pareja se llev\u00f3 a la hija que tienen en com\u00fan a la India &nbsp;sin su consentimiento y que despu\u00e9s de meses ambas est\u00e1n en B\u00e9lgica, pero ella se niega a restituir a la menor.&nbsp;<\/p>\n\n\n\n<p>Lily Sof\u00eda tiene 3 a\u00f1os y naci\u00f3 en el municipio de Arrecife, en Lanzarote. Fue denunciada como desaparecida en febrero. Meses despu\u00e9s de esa acci\u00f3n judicial, la madre de la nena resolvi\u00f3 viajar de India a B\u00e9lgica, su pa\u00eds de origen, pero no a Lanzarote, donde los tres tienen residencia: ella, su hija y tambi\u00e9n Ger\u00f3nimo, el padre de la chica, de quien est\u00e1 separada desde junio de 2024.<\/p>\n\n\n\n<p>El conflicto empez\u00f3 a principios de a\u00f1o, cuando la mujer se fue repentinamente de viaje durante 3 meses con su hija a Indonesia y Egipto sin autorizaci\u00f3n y el padre reclam\u00f3 la custodia de la menor. Al ser notificada, de que deb\u00eda presentarse en la justicia, la mujer resolvi\u00f3 volver a fugarse con su hija, pero esta vez definitivamente. En ese momento, Ger\u00f3nimo fue a visitar a la nena y se encontr\u00f3 con la casa vac\u00eda y cerrada. A partir de ah\u00ed todo fue una pesadilla. \u00c9l intent\u00f3 comunicarse con su ex pareja varias veces pero ella nunca contest\u00f3 el tel\u00e9fono. &nbsp;<\/p>\n\n\n\n<p>La justicia actu\u00f3, pero ya era tarde. Prohibieron la salida de la nena de Espa\u00f1a y ratificaron que la patria potestad debe ser compartida por ambos padres y que la residencia de Lily en Lanzarote no puede ser cambiada sin autorizaci\u00f3n de los dos. Pero la mujer ya hab\u00eda salido del territorio espa\u00f1ol sin la autorizaci\u00f3n del padre y desobedeci\u00f3 todas las \u00f3rdenes.&nbsp;<\/p>\n\n\n\n<p>\u00abA la ni\u00f1a le quitaron el derecho a estar con su pap\u00e1 y a m\u00ed \u00e9l derecho de estar con mi hija, y sin ninguna raz\u00f3n. Ha sido muy duro para m\u00ed. No puedo dormir y no s\u00e9 c\u00f3mo est\u00e1 su salud\u00bb, cuenta Ger\u00f3nimo.<\/p>\n\n\n\n<p>\u201cLo \u00fanico que me importa es volver a abrazar a mi hija. Llevo seis meses sin saber nada de ella y la extra\u00f1o con cada fibra de mi ser. No responde a mis llamadas, y lo poco que s\u00e9 de Lily Sof\u00eda es por las publicaciones que hace su madre y que me reenv\u00edan amigos, porque tanto yo como toda mi familia estamos bloqueados en sus redes sociales. Mi hija merece estar en su hogar, volver al colegio con sus amigos, re\u00edr y jugar con sus primos, compartir con sus t\u00edos y abuelos\u2026 merece recuperar su vida\u201d, concluye con angustia.<\/p>\n\n\n\n<figure class=\"wp-block-image size-large\"><img loading=\"lazy\" width=\"473\" height=\"1024\" src=\"https:\/\/defiendase.com\/wp-content\/uploads\/2025\/08\/352b8498-e79f-44bd-b405-6f58b83fed70-473x1024.jpeg\" alt=\"\" class=\"wp-image-6318\" srcset=\"https:\/\/defiendase.com\/wp-content\/uploads\/2025\/08\/352b8498-e79f-44bd-b405-6f58b83fed70-473x1024.jpeg 473w, https:\/\/defiendase.com\/wp-content\/uploads\/2025\/08\/352b8498-e79f-44bd-b405-6f58b83fed70-138x300.jpeg 138w, https:\/\/defiendase.com\/wp-content\/uploads\/2025\/08\/352b8498-e79f-44bd-b405-6f58b83fed70-768x1664.jpeg 768w, https:\/\/defiendase.com\/wp-content\/uploads\/2025\/08\/352b8498-e79f-44bd-b405-6f58b83fed70-709x1536.jpeg 709w, https:\/\/defiendase.com\/wp-content\/uploads\/2025\/08\/352b8498-e79f-44bd-b405-6f58b83fed70-600x1300.jpeg 600w, https:\/\/defiendase.com\/wp-content\/uploads\/2025\/08\/352b8498-e79f-44bd-b405-6f58b83fed70.jpeg 945w\" sizes=\"(max-width: 473px) 100vw, 473px\" \/><\/figure>\n","protected":false},"excerpt":{"rendered":"<p>Un argentino con ciudadan\u00eda italiana que vive en Canarias, Espa\u00f1a, denunci\u00f3 que su ex pareja<\/p>\n","protected":false},"author":4,"featured_media":6319,"comment_status":"open","ping_status":"open","sticky":false,"template":"","format":"standard","meta":{"om_disable_all_campaigns":false,"_monsterinsights_skip_tracking":false,"_monsterinsights_sitenote_active":false,"_monsterinsights_sitenote_note":"","_monsterinsights_sitenote_category":0},"categories":[252],"tags":[],"aioseo_notices":[],"jetpack_featured_media_url":"https:\/\/defiendase.com\/wp-content\/uploads\/2025\/08\/42c41b16-5134-4d59-9750-0e04598c836e.jpeg","post_mailing_queue_ids":[],"_links":{"self":[{"href":"https:\/\/defiendase.com\/index.php\/wp-json\/wp\/v2\/posts\/6317"}],"collection":[{"href":"https:\/\/defiendase.com\/index.php\/wp-json\/wp\/v2\/posts"}],"about":[{"href":"https:\/\/defiendase.com\/index.php\/wp-json\/wp\/v2\/types\/post"}],"author":[{"embeddable":true,"href":"https:\/\/defiendase.com\/index.php\/wp-json\/wp\/v2\/users\/4"}],"replies":[{"embeddable":true,"href":"https:\/\/defiendase.com\/index.php\/wp-json\/wp\/v2\/comments?post=6317"}],"version-history":[{"count":1,"href":"https:\/\/defiendase.com\/index.php\/wp-json\/wp\/v2\/posts\/6317\/revisions"}],"predecessor-version":[{"id":6320,"href":"https:\/\/defiendase.com\/index.php\/wp-json\/wp\/v2\/posts\/6317\/revisions\/6320"}],"wp:featuredmedia":[{"embeddable":true,"href":"https:\/\/defiendase.com\/index.php\/wp-json\/wp\/v2\/media\/6319"}],"wp:attachment":[{"href":"https:\/\/defiendase.com\/index.php\/wp-json\/wp\/v2\/media?parent=6317"}],"wp:term":[{"taxonomy":"category","embeddable":true,"href":"https:\/\/defiendase.com\/index.php\/wp-json\/wp\/v2\/categories?post=6317"},{"taxonomy":"post_tag","embeddable":true,"href":"https:\/\/defiendase.com\/index.php\/wp-json\/wp\/v2\/tags?post=6317"}],"curies":[{"name":"wp","href":"https:\/\/api.w.org\/{rel}","templated":true}]}}