{"id":6305,"date":"2025-08-11T14:36:07","date_gmt":"2025-08-11T17:36:07","guid":{"rendered":"https:\/\/defiendase.com\/?p=6305"},"modified":"2025-08-11T14:36:09","modified_gmt":"2025-08-11T17:36:09","slug":"el-codigo-procesal-penal-debe-esperar-en-caba","status":"publish","type":"post","link":"https:\/\/defiendase.com\/index.php\/el-codigo-procesal-penal-debe-esperar-en-caba\/","title":{"rendered":"El C\u00f3digo Procesal Penal debe esperar en CABA"},"content":{"rendered":"\n<p>El Gobierno tuvo que postergar hasta el 10 de noviembre la aplicaci\u00f3n del C\u00f3digo Procesal Penal, que deb\u00eda empezar hoy en la Ciudad de Buenos Aires.&nbsp;<\/p>\n\n\n\n<p>La decisi\u00f3n fue tomada despu\u00e9s de que el Procurador General Eduardo Casal sostuviera que \u00abno se encuentran reunidos los requisitos t\u00e9cnicos, operativos y de infraestructura edilicia m\u00ednimamente indispensables para garantizar el inicio efectivo del sistema acusatorio en la justicia federal de la Ciudad Aut\u00f3noma de Buenos Aires\u00bb.<\/p>\n\n\n\n<p>Pese a eso, el Ministerio de Justicia hab\u00eda afirmado que &nbsp;\u00aba criterio del Gobierno Nacional se encuentran satisfechas las condiciones para la implementaci\u00f3n inmediata del C\u00f3digo Procesal Penal Federal\u00bb.<\/p>\n\n\n\n<p>Sin embargo, la resoluci\u00f3n sostiene que \u00abcon el fin de evitar una situaci\u00f3n de conflicto institucional que comprometa el servicio de Justicia, se decide diferir, por \u00fanica vez y con car\u00e1cter excepcional e improrrogable\u00bb, la entrada en vigencia del nuevo sistema, que arrancar\u00e1 finalmente los primeros d\u00edas de noviembre.<\/p>\n\n\n\n<p>Los cambios radican fundamentalmente en el papel de los fiscales, que ahora deber\u00e1n recibir las causas y analizar si se procede a investigar, ejecutar esa investigaci\u00f3n y plantear posibles formas de resoluci\u00f3n del caso. Seg\u00fan el ministro C\u00faneo Libarona, eso agilizar\u00e1 los procesos y el servicio de justicia. Pero desde la Procuraci\u00f3n se advirti\u00f3 que para estar preparados para sus nuevos roles, los fiscales deben contar con recursos que por ahora no tienen. &nbsp;&nbsp;<\/p>\n","protected":false},"excerpt":{"rendered":"<p>El Gobierno tuvo que postergar hasta el 10 de noviembre la aplicaci\u00f3n del C\u00f3digo Procesal<\/p>\n","protected":false},"author":4,"featured_media":6306,"comment_status":"open","ping_status":"open","sticky":false,"template":"","format":"standard","meta":{"om_disable_all_campaigns":false,"_monsterinsights_skip_tracking":false,"_monsterinsights_sitenote_active":false,"_monsterinsights_sitenote_note":"","_monsterinsights_sitenote_category":0},"categories":[9],"tags":[],"aioseo_notices":[],"jetpack_featured_media_url":"https:\/\/defiendase.com\/wp-content\/uploads\/2025\/08\/IMG_3730.jpeg","post_mailing_queue_ids":[],"_links":{"self":[{"href":"https:\/\/defiendase.com\/index.php\/wp-json\/wp\/v2\/posts\/6305"}],"collection":[{"href":"https:\/\/defiendase.com\/index.php\/wp-json\/wp\/v2\/posts"}],"about":[{"href":"https:\/\/defiendase.com\/index.php\/wp-json\/wp\/v2\/types\/post"}],"author":[{"embeddable":true,"href":"https:\/\/defiendase.com\/index.php\/wp-json\/wp\/v2\/users\/4"}],"replies":[{"embeddable":true,"href":"https:\/\/defiendase.com\/index.php\/wp-json\/wp\/v2\/comments?post=6305"}],"version-history":[{"count":1,"href":"https:\/\/defiendase.com\/index.php\/wp-json\/wp\/v2\/posts\/6305\/revisions"}],"predecessor-version":[{"id":6307,"href":"https:\/\/defiendase.com\/index.php\/wp-json\/wp\/v2\/posts\/6305\/revisions\/6307"}],"wp:featuredmedia":[{"embeddable":true,"href":"https:\/\/defiendase.com\/index.php\/wp-json\/wp\/v2\/media\/6306"}],"wp:attachment":[{"href":"https:\/\/defiendase.com\/index.php\/wp-json\/wp\/v2\/media?parent=6305"}],"wp:term":[{"taxonomy":"category","embeddable":true,"href":"https:\/\/defiendase.com\/index.php\/wp-json\/wp\/v2\/categories?post=6305"},{"taxonomy":"post_tag","embeddable":true,"href":"https:\/\/defiendase.com\/index.php\/wp-json\/wp\/v2\/tags?post=6305"}],"curies":[{"name":"wp","href":"https:\/\/api.w.org\/{rel}","templated":true}]}}