{"id":6299,"date":"2025-08-08T13:06:04","date_gmt":"2025-08-08T16:06:04","guid":{"rendered":"https:\/\/defiendase.com\/?p=6299"},"modified":"2025-08-08T13:06:07","modified_gmt":"2025-08-08T16:06:07","slug":"multas-y-carcel-para-quienes-no-vacunen-a-sus-hijos-en-mendoza","status":"publish","type":"post","link":"https:\/\/defiendase.com\/index.php\/multas-y-carcel-para-quienes-no-vacunen-a-sus-hijos-en-mendoza\/","title":{"rendered":"Multas y c\u00e1rcel para quienes no vacunen a sus hijos en Mendoza"},"content":{"rendered":"\n<p>El ministerio de Salud de Mendoza endureci\u00f3 los controles y dispuso que los padres que no vacunen a sus hijos podr\u00e1n ser multados con hasta 300 mil pesos, ser condenados a trabajos comunitarios o recibir penas de hasta 5 d\u00edas de c\u00e1rcel por no cumplir con lo que dice la ley.<\/p>\n\n\n\n<p>Desde el gobierno provincial explicaron que las vacunas que figuran en el calendario deben aplicarse m\u00e1s all\u00e1 de la voluntad o no de los padres y que es responsabilidad del Estado hacer cumplir esa obligaci\u00f3n. Por eso se elabor\u00f3 un protocolo para denunciar a quienes no vacunen a sus hijos.<\/p>\n\n\n\n<p>Desde el Estado mendocino instaron a escuelas y al personal de salud a hacer las denuncias correspondientes cuando detecten faltas al calendario obligatorio.&nbsp; Seg\u00fan el art\u00edculo 119 del C\u00f3digo Contravencional de la provincia, \u00ablos efectores de salud (p\u00fablico o privado) y todo agente o funcionario p\u00fablico que tuvieren conocimiento de la vulneraci\u00f3n del derecho a la vacunaci\u00f3n de menores, deber\u00e1n comunicar dicha circunstancia a la autoridad administrativa local\u201d.&nbsp;<\/p>\n\n\n\n<p>En esos casos, los padres o los tutores ser\u00e1n aplazados y tendr\u00e1n 30 d\u00edas para cumplir con la aplicaci\u00f3n de las vacunas. Si pasa ese tiempo y el chico sigue sin vacunarse, se proceder\u00e1 a una denuncia policial y luego a la aplicaci\u00f3n de la multa.<\/p>\n\n\n\n<p>La ley estipula una sanci\u00f3n econ\u00f3mica de 336 mil pesos, arresto de 5 d\u00edas o su equivalente en trabajo comunitario en hospitales o centros de salud. Los padres ya est\u00e1n avisados y, en este caso, el Estado vigila.&nbsp;<\/p>\n","protected":false},"excerpt":{"rendered":"<p>El ministerio de Salud de Mendoza endureci\u00f3 los controles y dispuso que los padres que<\/p>\n","protected":false},"author":4,"featured_media":6300,"comment_status":"open","ping_status":"open","sticky":false,"template":"","format":"standard","meta":{"om_disable_all_campaigns":false,"_monsterinsights_skip_tracking":false,"_monsterinsights_sitenote_active":false,"_monsterinsights_sitenote_note":"","_monsterinsights_sitenote_category":0},"categories":[17],"tags":[],"aioseo_notices":[],"jetpack_featured_media_url":"https:\/\/defiendase.com\/wp-content\/uploads\/2025\/08\/WhatsApp-Image-2025-08-08-at-11.53.56.jpeg","post_mailing_queue_ids":[],"_links":{"self":[{"href":"https:\/\/defiendase.com\/index.php\/wp-json\/wp\/v2\/posts\/6299"}],"collection":[{"href":"https:\/\/defiendase.com\/index.php\/wp-json\/wp\/v2\/posts"}],"about":[{"href":"https:\/\/defiendase.com\/index.php\/wp-json\/wp\/v2\/types\/post"}],"author":[{"embeddable":true,"href":"https:\/\/defiendase.com\/index.php\/wp-json\/wp\/v2\/users\/4"}],"replies":[{"embeddable":true,"href":"https:\/\/defiendase.com\/index.php\/wp-json\/wp\/v2\/comments?post=6299"}],"version-history":[{"count":1,"href":"https:\/\/defiendase.com\/index.php\/wp-json\/wp\/v2\/posts\/6299\/revisions"}],"predecessor-version":[{"id":6301,"href":"https:\/\/defiendase.com\/index.php\/wp-json\/wp\/v2\/posts\/6299\/revisions\/6301"}],"wp:featuredmedia":[{"embeddable":true,"href":"https:\/\/defiendase.com\/index.php\/wp-json\/wp\/v2\/media\/6300"}],"wp:attachment":[{"href":"https:\/\/defiendase.com\/index.php\/wp-json\/wp\/v2\/media?parent=6299"}],"wp:term":[{"taxonomy":"category","embeddable":true,"href":"https:\/\/defiendase.com\/index.php\/wp-json\/wp\/v2\/categories?post=6299"},{"taxonomy":"post_tag","embeddable":true,"href":"https:\/\/defiendase.com\/index.php\/wp-json\/wp\/v2\/tags?post=6299"}],"curies":[{"name":"wp","href":"https:\/\/api.w.org\/{rel}","templated":true}]}}