{"id":6296,"date":"2025-08-07T14:45:24","date_gmt":"2025-08-07T17:45:24","guid":{"rendered":"https:\/\/defiendase.com\/?p=6296"},"modified":"2025-08-07T14:45:28","modified_gmt":"2025-08-07T17:45:28","slug":"gil-lavedra-apoyo-la-prorroga-del-nuevo-sistema-acusatorio","status":"publish","type":"post","link":"https:\/\/defiendase.com\/index.php\/gil-lavedra-apoyo-la-prorroga-del-nuevo-sistema-acusatorio\/","title":{"rendered":"Gil Lavedra apoy\u00f3 la pr\u00f3rroga del nuevo sistema acusatorio"},"content":{"rendered":"\n<p>El titular del Colegio de la Abogac\u00eda de la Capital Federal, Ricardo Gil Lavedra, apoy\u00f3 la pr\u00f3rroga en la puesta en marcha del nuevo sistema acusatorio, que deb\u00eda entrar en vigencia el 11 de agosto pero se pospuso debido a los reclamos del Ministerio P\u00fablico Fiscal sobre la falta de condiciones para su implementaci\u00f3n.<\/p>\n\n\n\n<p>\u00abEs oportuna y razonable la pr\u00f3rroga dispuesta para su puesta en marcha en la Justicia Penal Federal y Penal Econ\u00f3mica con jurisdicci\u00f3n en la Ciudad de Buenos Aires, ya que permitir\u00e1 continuar fortaleciendo las condiciones necesarias para una transici\u00f3n exitosa\u00bb, sostuvo Gil Lavedra al tiempo que resalt\u00f3 la importancia de los cambios: \u00abSe trata de una transformaci\u00f3n clave para una justicia m\u00e1s \u00e1gil, oral, transparente y eficiente\u00bb.<\/p>\n\n\n\n<p>El nuevo modelo acusatorio entrar\u00e1 en vigencia reci\u00e9n dentro de 3 meses a nivel nacional pero ya se aplica en Salta, Rosario, Mar del Plata, Jujuy, Mendoza y Comodoro Rivadavia. Desde el Ministerio de Justicia ponderaron las modificaciones al sostener que permitir\u00e1n \u00abla plena coordinaci\u00f3n entre los tres poderes del Estado\u00bb, acortar\u00e1n la duraci\u00f3n de los procesos y facilitar\u00e1n \u00abla ejecuci\u00f3n de una pol\u00edtica criminal estrat\u00e9gica y racional\u00bb.<\/p>\n\n\n\n<p>Sin embargo, desde la Procuraci\u00f3n hab\u00edan objetado la falta de recursos econ\u00f3micos, la falta de personal, problemas edilicios y adecuaci\u00f3n de las fiscal\u00edas -tanto en uso de nuevas tecnolog\u00edas como en capacitaciones- para las nuevas competencias que tendr\u00e1n. Adem\u00e1s, explicaron que el peso de las causas que se tramitan, por ejemplo, en Comodoro Py, no es el mismo que el de las de otras jurisdicciones.&nbsp;&nbsp; All\u00ed se hacen investigaciones sobre delitos econ\u00f3micos, narcotr\u00e1fico, trata de personas, corrupci\u00f3n y otros il\u00edcitos que involucran muchas veces a funcionarios y requieren de m\u00e1s tiempo y recursos.<\/p>\n\n\n\n<p>Ante este reclamo, el Ministerio de Justicia accedi\u00f3 a una pr\u00f3rroga pero advirti\u00f3:&nbsp; \u00abEste Gobierno considera que la transformaci\u00f3n cultural iniciada es irreversible, que el sistema judicial penal federal cuenta con recursos suficientes para poner en marcha esta reforma, y que la Justicia debe adaptarse a un pa\u00eds austero, sin privilegios ni excusas corporativas\u00bb.<\/p>\n\n\n\n<p>Gil Lavedra se refiri\u00f3 tambi\u00e9n a la posible afectaci\u00f3n en casos de litigios m\u00e1s peque\u00f1os, pero que tambi\u00e9n merecen justicia y habl\u00f3 de \u00ablas asimetr\u00edas estructurales que enfrentan los abogados y abogadas que ejercen de manera particular, que no cuentan con equipos t\u00e9cnicos ni estructuras de apoyo como las que poseen los ministerios p\u00fablicos\u00bb. En este sentido, explic\u00f3 que \u00absin un abordaje institucional de esta situaci\u00f3n, podr\u00eda verse afectado el principio de igualdad en juicio, con consecuencias negativas tanto para la profesi\u00f3n como para las personas involucradas en los procesos penales\u00bb.<\/p>\n","protected":false},"excerpt":{"rendered":"<p>El titular del Colegio de la Abogac\u00eda de la Capital Federal, Ricardo Gil Lavedra, apoy\u00f3<\/p>\n","protected":false},"author":4,"featured_media":6297,"comment_status":"open","ping_status":"open","sticky":false,"template":"","format":"standard","meta":{"om_disable_all_campaigns":false,"_monsterinsights_skip_tracking":false,"_monsterinsights_sitenote_active":false,"_monsterinsights_sitenote_note":"","_monsterinsights_sitenote_category":0},"categories":[263],"tags":[],"aioseo_notices":[],"jetpack_featured_media_url":"https:\/\/defiendase.com\/wp-content\/uploads\/2025\/08\/gil-lavedra-2.jpg","post_mailing_queue_ids":[],"_links":{"self":[{"href":"https:\/\/defiendase.com\/index.php\/wp-json\/wp\/v2\/posts\/6296"}],"collection":[{"href":"https:\/\/defiendase.com\/index.php\/wp-json\/wp\/v2\/posts"}],"about":[{"href":"https:\/\/defiendase.com\/index.php\/wp-json\/wp\/v2\/types\/post"}],"author":[{"embeddable":true,"href":"https:\/\/defiendase.com\/index.php\/wp-json\/wp\/v2\/users\/4"}],"replies":[{"embeddable":true,"href":"https:\/\/defiendase.com\/index.php\/wp-json\/wp\/v2\/comments?post=6296"}],"version-history":[{"count":1,"href":"https:\/\/defiendase.com\/index.php\/wp-json\/wp\/v2\/posts\/6296\/revisions"}],"predecessor-version":[{"id":6298,"href":"https:\/\/defiendase.com\/index.php\/wp-json\/wp\/v2\/posts\/6296\/revisions\/6298"}],"wp:featuredmedia":[{"embeddable":true,"href":"https:\/\/defiendase.com\/index.php\/wp-json\/wp\/v2\/media\/6297"}],"wp:attachment":[{"href":"https:\/\/defiendase.com\/index.php\/wp-json\/wp\/v2\/media?parent=6296"}],"wp:term":[{"taxonomy":"category","embeddable":true,"href":"https:\/\/defiendase.com\/index.php\/wp-json\/wp\/v2\/categories?post=6296"},{"taxonomy":"post_tag","embeddable":true,"href":"https:\/\/defiendase.com\/index.php\/wp-json\/wp\/v2\/tags?post=6296"}],"curies":[{"name":"wp","href":"https:\/\/api.w.org\/{rel}","templated":true}]}}