{"id":6290,"date":"2025-08-06T15:52:30","date_gmt":"2025-08-06T18:52:30","guid":{"rendered":"https:\/\/defiendase.com\/?p=6290"},"modified":"2025-08-06T15:52:33","modified_gmt":"2025-08-06T18:52:33","slug":"ojo-con-el-padron-cambiaron-mas-de-la-mitad-de-los-lugares-de-votacion-en-provincia","status":"publish","type":"post","link":"https:\/\/defiendase.com\/index.php\/ojo-con-el-padron-cambiaron-mas-de-la-mitad-de-los-lugares-de-votacion-en-provincia\/","title":{"rendered":"Ojo con el padr\u00f3n: cambiaron m\u00e1s de la mitad de los lugares de votaci\u00f3n en provincia"},"content":{"rendered":"\n<p>Otra vez la inteligencia artificial meti\u00f3 la cola y hay pol\u00e9mica. Esta vez fue en torno a las elecciones en la provincia de Buenos Aires. La Justicia Electoral bonaerense us\u00f3 la IA para cambiar el padr\u00f3n con el objetivo de que las escuelas donde se vota est\u00e9n m\u00e1s cerca de los domicilios de los electores, pero al parecer sucedi\u00f3 lo contrario. Muchos votantes se encontraron con que el 7 de septiembre (y luego tambi\u00e9n el 26 de octubre, porque se utilizar\u00eda el mismo padr\u00f3n) tendr\u00e1n que viajar m\u00e1s lejos para poder votar.&nbsp;<\/p>\n\n\n\n<p>Desde la gobernaci\u00f3n justificaron el cambio y sostuvieron que la idea era sumar unos 500 lugares de votaci\u00f3n para que la gente pudiera ir a cumplir con su deber c\u00edvico m\u00e1s cerca de sus casas, pero desde distintas fuerzas pol\u00edticas cuestionaron esta decisi\u00f3n y expresaron que el resultado fue el opuesto al supuestamente buscado.&nbsp;<\/p>\n\n\n\n<p>Dentro de los sectores cr\u00edticos de la medida figuran incluso nombres fuertes del peronismo como la senadora Mar\u00eda Teresa Garc\u00eda, una referente del cristinismo en la provincia de Buenos Aires, que cuestion\u00f3 duramente la medida. \u00abYo todav\u00eda no entiendo la raz\u00f3n. Pregunt\u00e9 a qu\u00e9 se deb\u00eda, sobre todo en un a\u00f1o electoral muy dif\u00edcil, donde hay cierta apat\u00eda electoral, y no tuve respuesta\u00bb, sostuvo. Y agreg\u00f3: &nbsp;\u00abla Constituci\u00f3n y toda la legislaci\u00f3n electoral apunta a facilitarle el voto al ciudadano. De este modo parece que es todo lo contrario\u00bb.<\/p>\n\n\n\n<p>Por esta raz\u00f3n, las autoridades provinciales y los referentes de distintas fuerzas pol\u00edticas se comprometieron en hacer una campa\u00f1a activa para que no haya confusiones el d\u00eda de la elecci\u00f3n y los 14 millones de bonaerenses sepan donde tienen que ir a votar. &nbsp;Para chequear el padr\u00f3n se puede ingresar a www.padron.gba.gob.ar con el n\u00famero de documento.<\/p>\n","protected":false},"excerpt":{"rendered":"<p>Otra vez la inteligencia artificial meti\u00f3 la cola y hay pol\u00e9mica. Esta vez fue en<\/p>\n","protected":false},"author":4,"featured_media":6291,"comment_status":"open","ping_status":"open","sticky":false,"template":"","format":"standard","meta":{"om_disable_all_campaigns":false,"_monsterinsights_skip_tracking":false,"_monsterinsights_sitenote_active":false,"_monsterinsights_sitenote_note":"","_monsterinsights_sitenote_category":0},"categories":[263],"tags":[],"aioseo_notices":[],"jetpack_featured_media_url":"https:\/\/defiendase.com\/wp-content\/uploads\/2025\/08\/IMG_3382.webp","post_mailing_queue_ids":[],"_links":{"self":[{"href":"https:\/\/defiendase.com\/index.php\/wp-json\/wp\/v2\/posts\/6290"}],"collection":[{"href":"https:\/\/defiendase.com\/index.php\/wp-json\/wp\/v2\/posts"}],"about":[{"href":"https:\/\/defiendase.com\/index.php\/wp-json\/wp\/v2\/types\/post"}],"author":[{"embeddable":true,"href":"https:\/\/defiendase.com\/index.php\/wp-json\/wp\/v2\/users\/4"}],"replies":[{"embeddable":true,"href":"https:\/\/defiendase.com\/index.php\/wp-json\/wp\/v2\/comments?post=6290"}],"version-history":[{"count":1,"href":"https:\/\/defiendase.com\/index.php\/wp-json\/wp\/v2\/posts\/6290\/revisions"}],"predecessor-version":[{"id":6292,"href":"https:\/\/defiendase.com\/index.php\/wp-json\/wp\/v2\/posts\/6290\/revisions\/6292"}],"wp:featuredmedia":[{"embeddable":true,"href":"https:\/\/defiendase.com\/index.php\/wp-json\/wp\/v2\/media\/6291"}],"wp:attachment":[{"href":"https:\/\/defiendase.com\/index.php\/wp-json\/wp\/v2\/media?parent=6290"}],"wp:term":[{"taxonomy":"category","embeddable":true,"href":"https:\/\/defiendase.com\/index.php\/wp-json\/wp\/v2\/categories?post=6290"},{"taxonomy":"post_tag","embeddable":true,"href":"https:\/\/defiendase.com\/index.php\/wp-json\/wp\/v2\/tags?post=6290"}],"curies":[{"name":"wp","href":"https:\/\/api.w.org\/{rel}","templated":true}]}}