{"id":6282,"date":"2025-08-04T16:39:36","date_gmt":"2025-08-04T19:39:36","guid":{"rendered":"https:\/\/defiendase.com\/?p=6282"},"modified":"2025-08-04T16:44:41","modified_gmt":"2025-08-04T19:44:41","slug":"un-costoso-veto-antes-de-las-elecciones","status":"publish","type":"post","link":"https:\/\/defiendase.com\/index.php\/un-costoso-veto-antes-de-las-elecciones\/","title":{"rendered":"Un costoso veto antes de las elecciones"},"content":{"rendered":"\n<p>Finalmente Javier Milei vet\u00f3 las leyes aprobadas por el Congreso y con esto tens\u00f3 a\u00fan m\u00e1s la cuerda con la oposici\u00f3n, que buscar\u00e1 insistir en las c\u00e1maras para lograr que las iniciativas se promulguen a\u00fan con el desacuerdo presidencial.\u00a0<\/p>\n\n\n\n<p>Se trata puntualmente de tres leyes: el aumento a jubilados, la reposici\u00f3n de la moratoria previsional y la declaraci\u00f3n de la emergencia en discapacidad. Para Milei, esas iniciativas suponen un gasto de m\u00e1s de 7 billones de d\u00f3lares en 2025 y de 17 billones en 2026, que ponen en serio riesgo el equilibrio fiscal.&nbsp;<\/p>\n\n\n\n<p>Sin embargo, la necesidad de estos vetos no deja de ser una piedra en el zapato para la administraci\u00f3n nacional en la previa de las elecciones nacionales de medio t\u00e9rmino.&nbsp;<\/p>\n\n\n\n<p>Ahora Milei deber\u00e1 negociar en el Congreso para lograr evitar que alguna de las dos c\u00e1maras re\u00fana dos tercios de los votos para rechazar el veto. Si la oposici\u00f3n logra esas voluntades, las leyes ser\u00e1n promulgadas y el Ejecutivo no podr\u00e1 volver a vetarlas.&nbsp;<\/p>\n\n\n\n<p>En caso de que eso ocurra, desde la Casa Rosada ya anticiparon su plan B: recurrir\u00e1n a la justicia argumentando que la sesi\u00f3n donde fueron aprobados los proyectos fue inv\u00e1lida porque no fue convocada formalmente por Victoria Villarruel (aunque la vicepresidenta convalid\u00f3 el debate).&nbsp;<\/p>\n\n\n\n<p>La ley de aumento a jubilados preve\u00eda una suba del 7,2% en los haberes y llevaba el bono adicional que cobran los que tienen la m\u00ednima de 70 mil a 110 mil pesos. Tambi\u00e9n se dispon\u00eda la vuelta de la moratoria previsional, que permit\u00eda acceder a una jubilaci\u00f3n a aquellos que no tuvieran los aportes necesarios y que hasta ahora s\u00f3lo pod\u00edan aspirar a una Pensi\u00f3n Universal de Adultos Mayores (PUAM).&nbsp;<\/p>\n\n\n\n<p>Por otro lado, la ley de emergencia en discapacidad implicaba un aumento de las pensiones no contributivas por invalidez y permit\u00eda cobrarlas a\u00fan teniendo un empleo formal, si los ingresos no superaban la l\u00ednea de dos salarios m\u00ednimos.&nbsp;<\/p>\n\n\n\n<p>Ahora todas las miradas est\u00e1n otra vez en el Congreso. El Gobierno conf\u00eda en que las alianzas con distintos gobernadores rendir\u00e1n sus frutos y lograr\u00e1 impedir que la oposici\u00f3n junte los dos tercios de los votos que necesita para insistir en las leyes. &nbsp;De todas formas ya acusa el da\u00f1o en la opini\u00f3n p\u00fablica por vetar leyes tan sensibles que afectan a jubilados y discapacitados y buscar\u00e1 instalar medi\u00e1ticamente que el equilibrio fiscal es m\u00e1s importante para los intereses del conjunto de la sociedad. &nbsp;<\/p>\n","protected":false},"excerpt":{"rendered":"<p>Finalmente Javier Milei vet\u00f3 las leyes aprobadas por el Congreso y con esto tens\u00f3 a\u00fan<\/p>\n","protected":false},"author":4,"featured_media":6284,"comment_status":"open","ping_status":"open","sticky":false,"template":"","format":"standard","meta":{"om_disable_all_campaigns":false,"_monsterinsights_skip_tracking":false,"_monsterinsights_sitenote_active":false,"_monsterinsights_sitenote_note":"","_monsterinsights_sitenote_category":0},"categories":[263],"tags":[],"aioseo_notices":[],"jetpack_featured_media_url":"https:\/\/defiendase.com\/wp-content\/uploads\/2025\/08\/image.png","post_mailing_queue_ids":[],"_links":{"self":[{"href":"https:\/\/defiendase.com\/index.php\/wp-json\/wp\/v2\/posts\/6282"}],"collection":[{"href":"https:\/\/defiendase.com\/index.php\/wp-json\/wp\/v2\/posts"}],"about":[{"href":"https:\/\/defiendase.com\/index.php\/wp-json\/wp\/v2\/types\/post"}],"author":[{"embeddable":true,"href":"https:\/\/defiendase.com\/index.php\/wp-json\/wp\/v2\/users\/4"}],"replies":[{"embeddable":true,"href":"https:\/\/defiendase.com\/index.php\/wp-json\/wp\/v2\/comments?post=6282"}],"version-history":[{"count":2,"href":"https:\/\/defiendase.com\/index.php\/wp-json\/wp\/v2\/posts\/6282\/revisions"}],"predecessor-version":[{"id":6286,"href":"https:\/\/defiendase.com\/index.php\/wp-json\/wp\/v2\/posts\/6282\/revisions\/6286"}],"wp:featuredmedia":[{"embeddable":true,"href":"https:\/\/defiendase.com\/index.php\/wp-json\/wp\/v2\/media\/6284"}],"wp:attachment":[{"href":"https:\/\/defiendase.com\/index.php\/wp-json\/wp\/v2\/media?parent=6282"}],"wp:term":[{"taxonomy":"category","embeddable":true,"href":"https:\/\/defiendase.com\/index.php\/wp-json\/wp\/v2\/categories?post=6282"},{"taxonomy":"post_tag","embeddable":true,"href":"https:\/\/defiendase.com\/index.php\/wp-json\/wp\/v2\/tags?post=6282"}],"curies":[{"name":"wp","href":"https:\/\/api.w.org\/{rel}","templated":true}]}}