{"id":6272,"date":"2025-08-01T16:00:52","date_gmt":"2025-08-01T19:00:52","guid":{"rendered":"https:\/\/defiendase.com\/?p=6272"},"modified":"2025-08-01T16:05:19","modified_gmt":"2025-08-01T19:05:19","slug":"ciudadania-italiana-la-justicia-le-da-esperanza-a-los-descendientes","status":"publish","type":"post","link":"https:\/\/defiendase.com\/index.php\/ciudadania-italiana-la-justicia-le-da-esperanza-a-los-descendientes\/","title":{"rendered":"Ciudadan\u00eda italiana: la justicia le da esperanza a los descendientes&nbsp;"},"content":{"rendered":"\n<p>A dos meses de que el gobierno de Giorgia Meloni lanzara la reforma de la ciudadan\u00eda italiana, que limitaba el acceso de los descendientes, la justicia de ese pa\u00eds fall\u00f3 a favor de un caso que podr\u00eda marcar un precedente y permitir\u00eda acceder a la ciudadan\u00eda sin l\u00edmites generacionales.&nbsp;<\/p>\n\n\n\n<p>De acuerdo a los cambios que hab\u00eda anunciado Meloni, s\u00f3lo pod\u00edan pedir la ciudadan\u00eda los hijos o nietos de personas nacidas en Italia, dejando afuera a los dem\u00e1s descendientes. Con esto, modificaba la Ley &nbsp;91, que reg\u00eda desde 1992 y que s\u00f3lo ten\u00eda como requisito demostrar un v\u00ednculo de sangre con alg\u00fan antepasado italiano, nacido o no en esa tierra.&nbsp;<\/p>\n\n\n\n<p>Estos cambios lanzados por Meloni fueron justificados en su momento por la saturaci\u00f3n del sistema dada la cantidad de pedidos de ciudadan\u00eda que s\u00f3lo buscaban los beneficios de tener un pasaporte europeo. En este sentido, se busc\u00f3 restringir el acceso s\u00f3lo a quienes demostraran un v\u00ednculo real con Italia y un lazo cultural, ling\u00fc\u00edstico y territorial con ese pa\u00eds.&nbsp;<\/p>\n\n\n\n<p>Ahora el fallo de la Corte Constitucional permiti\u00f3 que un bisnieto de italiano, cuya solicitud hab\u00eda sido rechazada en el marco del nuevo decreto de Meloni, acceda a la ciudadan\u00eda por considerar que se vulneraron sus derechos constitucionales. Esto significa que la justicia italiana entiende que la Ley 91 no es inconstitucional. &nbsp;<\/p>\n\n\n\n<p>Si bien los especialistas advierten que por ahora se trata de casos aislados y puntuales y no de un fallo que dicta la anulaci\u00f3n judicial del decreto lanzado por Meloni, s\u00ed admiten que abre una puerta para impugnar la reforma o al menos para litigar contra ella.&nbsp;<\/p>\n","protected":false},"excerpt":{"rendered":"<p>A dos meses de que el gobierno de Giorgia Meloni lanzara la reforma de la<\/p>\n","protected":false},"author":4,"featured_media":6273,"comment_status":"open","ping_status":"open","sticky":false,"template":"","format":"standard","meta":{"om_disable_all_campaigns":false,"_monsterinsights_skip_tracking":false,"_monsterinsights_sitenote_active":false,"_monsterinsights_sitenote_note":"","_monsterinsights_sitenote_category":0},"categories":[6],"tags":[],"aioseo_notices":[],"jetpack_featured_media_url":"https:\/\/defiendase.com\/wp-content\/uploads\/2025\/08\/IMG_4439.webp","post_mailing_queue_ids":[],"_links":{"self":[{"href":"https:\/\/defiendase.com\/index.php\/wp-json\/wp\/v2\/posts\/6272"}],"collection":[{"href":"https:\/\/defiendase.com\/index.php\/wp-json\/wp\/v2\/posts"}],"about":[{"href":"https:\/\/defiendase.com\/index.php\/wp-json\/wp\/v2\/types\/post"}],"author":[{"embeddable":true,"href":"https:\/\/defiendase.com\/index.php\/wp-json\/wp\/v2\/users\/4"}],"replies":[{"embeddable":true,"href":"https:\/\/defiendase.com\/index.php\/wp-json\/wp\/v2\/comments?post=6272"}],"version-history":[{"count":1,"href":"https:\/\/defiendase.com\/index.php\/wp-json\/wp\/v2\/posts\/6272\/revisions"}],"predecessor-version":[{"id":6274,"href":"https:\/\/defiendase.com\/index.php\/wp-json\/wp\/v2\/posts\/6272\/revisions\/6274"}],"wp:featuredmedia":[{"embeddable":true,"href":"https:\/\/defiendase.com\/index.php\/wp-json\/wp\/v2\/media\/6273"}],"wp:attachment":[{"href":"https:\/\/defiendase.com\/index.php\/wp-json\/wp\/v2\/media?parent=6272"}],"wp:term":[{"taxonomy":"category","embeddable":true,"href":"https:\/\/defiendase.com\/index.php\/wp-json\/wp\/v2\/categories?post=6272"},{"taxonomy":"post_tag","embeddable":true,"href":"https:\/\/defiendase.com\/index.php\/wp-json\/wp\/v2\/tags?post=6272"}],"curies":[{"name":"wp","href":"https:\/\/api.w.org\/{rel}","templated":true}]}}