{"id":6269,"date":"2025-08-01T15:58:19","date_gmt":"2025-08-01T18:58:19","guid":{"rendered":"https:\/\/defiendase.com\/?p=6269"},"modified":"2025-08-01T16:05:38","modified_gmt":"2025-08-01T19:05:38","slug":"una-falsa-denuncia-de-abuso-contra-su-hija-destruyo-su-vida","status":"publish","type":"post","link":"https:\/\/defiendase.com\/index.php\/una-falsa-denuncia-de-abuso-contra-su-hija-destruyo-su-vida\/","title":{"rendered":"Una falsa denuncia de abuso contra su hija destruy\u00f3 su vida"},"content":{"rendered":"\n<p>Despu\u00e9s de un proceso que dur\u00f3 4 a\u00f1os y le dej\u00f3 enormes secuelas emocionales, la justicia de La Plata sobresey\u00f3 a un hombre que hab\u00eda sido denunciado en 2021 por un presunto abuso sexual a su hijastra de 16 a\u00f1os.&nbsp;<\/p>\n\n\n\n<p>La denuncia la hab\u00eda presentado la madre de la chica en medio de una conflictiva separaci\u00f3n con el acusado, en la que se disputaban la tenencia de otra hija que hab\u00edan tenido en com\u00fan.&nbsp;<\/p>\n\n\n\n<p>En ese momento la justicia resolvi\u00f3 dictar una restricci\u00f3n de acercamiento contra el denunciado y empez\u00f3 un proceso que, despu\u00e9s de varias pericias f\u00edsicas y psicol\u00f3gicas tanto a la supuesta v\u00edctima como al acusado, concluy\u00f3 en que la denuncia hab\u00eda sido falsa.<\/p>\n\n\n\n<p>Sin embargo, pese a haber sido sobrese\u00eddo, el hombre hizo hincapi\u00e9 en los efectos destructivos de la denuncia en su vida. Cont\u00f3 que perdi\u00f3 tiempo irrecuperable con su hija porque hace 3 a\u00f1os que no la ve y reclam\u00f3 que la justicia de familia siga los pasos del fuero penal y levante la perimetral que todav\u00eda le impide ver a la ni\u00f1a. &nbsp;<\/p>\n\n\n\n<p>\u00abHoy no s\u00e9 nada de ella. Un amigo me dijo que gan\u00e9, pero en realidad yo perd\u00ed. Soy un ser incompleto, me hace falta el abrazo de mi hija\u00bb, declar\u00f3 ante los medios.<\/p>\n","protected":false},"excerpt":{"rendered":"<p>Despu\u00e9s de un proceso que dur\u00f3 4 a\u00f1os y le dej\u00f3 enormes secuelas emocionales, la<\/p>\n","protected":false},"author":4,"featured_media":6270,"comment_status":"open","ping_status":"open","sticky":false,"template":"","format":"standard","meta":{"om_disable_all_campaigns":false,"_monsterinsights_skip_tracking":false,"_monsterinsights_sitenote_active":false,"_monsterinsights_sitenote_note":"","_monsterinsights_sitenote_category":0},"categories":[252],"tags":[],"aioseo_notices":[],"jetpack_featured_media_url":"https:\/\/defiendase.com\/wp-content\/uploads\/2025\/08\/IMG_4438.webp","post_mailing_queue_ids":[],"_links":{"self":[{"href":"https:\/\/defiendase.com\/index.php\/wp-json\/wp\/v2\/posts\/6269"}],"collection":[{"href":"https:\/\/defiendase.com\/index.php\/wp-json\/wp\/v2\/posts"}],"about":[{"href":"https:\/\/defiendase.com\/index.php\/wp-json\/wp\/v2\/types\/post"}],"author":[{"embeddable":true,"href":"https:\/\/defiendase.com\/index.php\/wp-json\/wp\/v2\/users\/4"}],"replies":[{"embeddable":true,"href":"https:\/\/defiendase.com\/index.php\/wp-json\/wp\/v2\/comments?post=6269"}],"version-history":[{"count":1,"href":"https:\/\/defiendase.com\/index.php\/wp-json\/wp\/v2\/posts\/6269\/revisions"}],"predecessor-version":[{"id":6271,"href":"https:\/\/defiendase.com\/index.php\/wp-json\/wp\/v2\/posts\/6269\/revisions\/6271"}],"wp:featuredmedia":[{"embeddable":true,"href":"https:\/\/defiendase.com\/index.php\/wp-json\/wp\/v2\/media\/6270"}],"wp:attachment":[{"href":"https:\/\/defiendase.com\/index.php\/wp-json\/wp\/v2\/media?parent=6269"}],"wp:term":[{"taxonomy":"category","embeddable":true,"href":"https:\/\/defiendase.com\/index.php\/wp-json\/wp\/v2\/categories?post=6269"},{"taxonomy":"post_tag","embeddable":true,"href":"https:\/\/defiendase.com\/index.php\/wp-json\/wp\/v2\/tags?post=6269"}],"curies":[{"name":"wp","href":"https:\/\/api.w.org\/{rel}","templated":true}]}}