{"id":6261,"date":"2025-07-30T16:24:09","date_gmt":"2025-07-30T19:24:09","guid":{"rendered":"https:\/\/defiendase.com\/?p=6261"},"modified":"2025-07-30T16:24:11","modified_gmt":"2025-07-30T19:24:11","slug":"preocupacion-del-sector-comercial-por-acuerdos-paritarios-que-no-se-homologaron","status":"publish","type":"post","link":"https:\/\/defiendase.com\/index.php\/preocupacion-del-sector-comercial-por-acuerdos-paritarios-que-no-se-homologaron\/","title":{"rendered":"Preocupaci\u00f3n del sector comercial por acuerdos paritarios que no se homologaron"},"content":{"rendered":"\n<p>La C\u00e1mara Argentina de Distribuidores y Autoservicios Mayoristas (CADAM), advirti\u00f3 que el gobierno no aprob\u00f3 a\u00fan ning\u00fan acuerdo paritario, y que lo que circula en los medios se habr\u00eda negociado sin la participaci\u00f3n de los mayoristas que no se encuentran representados por C\u00e1mara Argentina de Comercio, CAME ni la Uni\u00f3n de Entidades Comerciales Argentinas.<\/p>\n\n\n\n<p>Desde CADAM,&nbsp; se opusieron una vez m\u00e1s las cargas a los empleadores como el seguro obligatorio de retiro \u201cLa Estrella\u201d que -aunque se pretende reducir del 2,5% al 1,5%- sigue sin ser eliminado.<\/p>\n\n\n\n<p>Asimismo, los mayoristas rechazaron la contribuci\u00f3n obligatoria por COVID-19 (tenga o no el trabajador la obra social OSECAC) y el aporte obligatorio al Instituto Argentino de Capacitaci\u00f3n Profesional y Tecnol\u00f3gica para el Comercio (INACAP) en beneficio de las c\u00e1maras firmantes de la paritaria que administran esos fondos.<\/p>\n\n\n\n<p>\u00abTodos estos aportes incrementan de forma injustificada los costos de las empresas, repercutiendo en el aumento de precios al consumidor. Resulta inconcebible que en un proceso de libertad econ\u00f3mica y desregulaci\u00f3n que impulsa el Poder Ejecutivo Nacional, pretendan que se homologuen acuerdos que violan principios constitucionales de libre negociaci\u00f3n y trabajo\u00bb, sostuvieron desde CADAM.<\/p>\n\n\n\n<p>\u00abNo aceptamos ni convalidamos la continuidad de estas obligaciones que afectan gravemente la competitividad del sector comercial\u00bb, aseguraron los mayoristas, que exigen a las autoridades que se adopten medidas urgentes para eliminar o tornar voluntarios estos aportes, evitando as\u00ed que las empresas sigan soportando cargas que no benefician a los trabajadores ni a la econom\u00eda en su conjunto.<\/p>\n","protected":false},"excerpt":{"rendered":"<p>La C\u00e1mara Argentina de Distribuidores y Autoservicios Mayoristas (CADAM), advirti\u00f3 que el gobierno no aprob\u00f3<\/p>\n","protected":false},"author":4,"featured_media":6263,"comment_status":"open","ping_status":"open","sticky":false,"template":"","format":"standard","meta":{"om_disable_all_campaigns":false,"_monsterinsights_skip_tracking":false,"_monsterinsights_sitenote_active":false,"_monsterinsights_sitenote_note":"","_monsterinsights_sitenote_category":0},"categories":[4],"tags":[],"aioseo_notices":[],"jetpack_featured_media_url":"https:\/\/defiendase.com\/wp-content\/uploads\/2025\/07\/cadam2.jpg","post_mailing_queue_ids":[],"_links":{"self":[{"href":"https:\/\/defiendase.com\/index.php\/wp-json\/wp\/v2\/posts\/6261"}],"collection":[{"href":"https:\/\/defiendase.com\/index.php\/wp-json\/wp\/v2\/posts"}],"about":[{"href":"https:\/\/defiendase.com\/index.php\/wp-json\/wp\/v2\/types\/post"}],"author":[{"embeddable":true,"href":"https:\/\/defiendase.com\/index.php\/wp-json\/wp\/v2\/users\/4"}],"replies":[{"embeddable":true,"href":"https:\/\/defiendase.com\/index.php\/wp-json\/wp\/v2\/comments?post=6261"}],"version-history":[{"count":1,"href":"https:\/\/defiendase.com\/index.php\/wp-json\/wp\/v2\/posts\/6261\/revisions"}],"predecessor-version":[{"id":6264,"href":"https:\/\/defiendase.com\/index.php\/wp-json\/wp\/v2\/posts\/6261\/revisions\/6264"}],"wp:featuredmedia":[{"embeddable":true,"href":"https:\/\/defiendase.com\/index.php\/wp-json\/wp\/v2\/media\/6263"}],"wp:attachment":[{"href":"https:\/\/defiendase.com\/index.php\/wp-json\/wp\/v2\/media?parent=6261"}],"wp:term":[{"taxonomy":"category","embeddable":true,"href":"https:\/\/defiendase.com\/index.php\/wp-json\/wp\/v2\/categories?post=6261"},{"taxonomy":"post_tag","embeddable":true,"href":"https:\/\/defiendase.com\/index.php\/wp-json\/wp\/v2\/tags?post=6261"}],"curies":[{"name":"wp","href":"https:\/\/api.w.org\/{rel}","templated":true}]}}