{"id":6246,"date":"2025-07-25T09:57:22","date_gmt":"2025-07-25T12:57:22","guid":{"rendered":"https:\/\/defiendase.com\/?p=6246"},"modified":"2025-07-25T12:37:55","modified_gmt":"2025-07-25T15:37:55","slug":"hablo-el-medico-detenido-por-una-falsa-denuncia-de-abuso-destruyeron-mi-vida-con-una-mentira","status":"publish","type":"post","link":"https:\/\/defiendase.com\/index.php\/hablo-el-medico-detenido-por-una-falsa-denuncia-de-abuso-destruyeron-mi-vida-con-una-mentira\/","title":{"rendered":"Habl\u00f3 el m\u00e9dico detenido por una falsa denuncia de abuso: \u201cDestruyeron mi vida con una mentira\u201d"},"content":{"rendered":"\n<p>Pablo Ghisoni, m\u00e9dico obstetra, rompi\u00f3 el silencio tras m\u00e1s de una d\u00e9cada de calvario judicial. Estuvo tres a\u00f1os en prisi\u00f3n preventiva acusado de haber abusado sexualmente de dos de sus hijos, en un caso que hoy se desmorona: uno de ellos, Tom\u00e1s, public\u00f3 un video en el que afirma que todo fue falso, que nunca hubo abuso y que fue su madre quien lo oblig\u00f3 a sostener esa historia desde los 9 a\u00f1os.<\/p>\n\n\n\n<p>\u201cHan destruido mi vida y la de mis hijos con una falsa denuncia de alguien enfermo\u201d, expres\u00f3 Ghisoni en una entrevista. El conflicto comenz\u00f3 tras su separaci\u00f3n en 2009, en medio de una batalla por la tenencia. Aunque en 2012 la justicia hab\u00eda determinado que los hijos deb\u00edan vivir con \u00e9l, a\u00f1os m\u00e1s tarde una revinculaci\u00f3n con la madre termin\u00f3 con una grave acusaci\u00f3n que lo llev\u00f3 a la c\u00e1rcel.<\/p>\n\n\n\n<p>Su hijo mayor nunca adhiri\u00f3 a la denuncia y se mantuvo siempre a su lado.<\/p>\n\n\n\n<p>El m\u00e9dico relat\u00f3 que durante a\u00f1os fue sometido a terapias obligatorias, evaluaciones del cuerpo t\u00e9cnico y controles judiciales, sin que nunca surgiera una sospecha de abuso. Reci\u00e9n en 2023 fue absuelto: el fiscal no present\u00f3 acusaci\u00f3n.&nbsp;<\/p>\n\n\n\n<p>Sin embargo, la madre de los chicos apel\u00f3 el fallo y la causa a\u00fan no est\u00e1 cerrada. \u201cMe quitaron todo. Perd\u00ed dos hijos a los que nunca m\u00e1s volv\u00ed a ver\u201d, dijo.<\/p>\n\n\n\n<p>En su video, Tom\u00e1s explica c\u00f3mo fue manipulado desde la infancia para repetir un relato falso, y pide una ley contra las denuncias infundadas: \u201cEstas historias roban a\u00f1os, destruyen familias y siembran desconfianza en las voces que s\u00ed necesitan ser escuchadas\u201d.<\/p>\n\n\n\n<p>El Dr. Beccar Varela, abogado especializado en derecho de familia, aporta su mirada profesional sobre el caso y las implicancias que este tipo de situaciones tiene dentro del sistema judicial argentino.<\/p>\n\n\n\n<figure class=\"wp-block-video\"><video controls src=\"https:\/\/defiendase.com\/wp-content\/uploads\/2025\/07\/9706EBF6-B0CF-40B4-A2E3-0519F37DB464.mov\"><\/video><\/figure>\n\n\n\n<p><\/p>\n","protected":false},"excerpt":{"rendered":"<p>Pablo Ghisoni, m\u00e9dico obstetra, rompi\u00f3 el silencio tras m\u00e1s de una d\u00e9cada de calvario judicial.<\/p>\n","protected":false},"author":4,"featured_media":6247,"comment_status":"open","ping_status":"open","sticky":false,"template":"","format":"standard","meta":{"om_disable_all_campaigns":false,"_monsterinsights_skip_tracking":false,"_monsterinsights_sitenote_active":false,"_monsterinsights_sitenote_note":"","_monsterinsights_sitenote_category":0},"categories":[263],"tags":[],"aioseo_notices":[],"jetpack_featured_media_url":"https:\/\/defiendase.com\/wp-content\/uploads\/2025\/07\/IMG_3019.webp","post_mailing_queue_ids":[],"_links":{"self":[{"href":"https:\/\/defiendase.com\/index.php\/wp-json\/wp\/v2\/posts\/6246"}],"collection":[{"href":"https:\/\/defiendase.com\/index.php\/wp-json\/wp\/v2\/posts"}],"about":[{"href":"https:\/\/defiendase.com\/index.php\/wp-json\/wp\/v2\/types\/post"}],"author":[{"embeddable":true,"href":"https:\/\/defiendase.com\/index.php\/wp-json\/wp\/v2\/users\/4"}],"replies":[{"embeddable":true,"href":"https:\/\/defiendase.com\/index.php\/wp-json\/wp\/v2\/comments?post=6246"}],"version-history":[{"count":3,"href":"https:\/\/defiendase.com\/index.php\/wp-json\/wp\/v2\/posts\/6246\/revisions"}],"predecessor-version":[{"id":6251,"href":"https:\/\/defiendase.com\/index.php\/wp-json\/wp\/v2\/posts\/6246\/revisions\/6251"}],"wp:featuredmedia":[{"embeddable":true,"href":"https:\/\/defiendase.com\/index.php\/wp-json\/wp\/v2\/media\/6247"}],"wp:attachment":[{"href":"https:\/\/defiendase.com\/index.php\/wp-json\/wp\/v2\/media?parent=6246"}],"wp:term":[{"taxonomy":"category","embeddable":true,"href":"https:\/\/defiendase.com\/index.php\/wp-json\/wp\/v2\/categories?post=6246"},{"taxonomy":"post_tag","embeddable":true,"href":"https:\/\/defiendase.com\/index.php\/wp-json\/wp\/v2\/tags?post=6246"}],"curies":[{"name":"wp","href":"https:\/\/api.w.org\/{rel}","templated":true}]}}