{"id":6237,"date":"2025-07-24T14:55:48","date_gmt":"2025-07-24T17:55:48","guid":{"rendered":"https:\/\/defiendase.com\/?p=6237"},"modified":"2025-07-24T14:55:51","modified_gmt":"2025-07-24T17:55:51","slug":"se-corta-el-chorro-la-privatizacion-de-aysa-y-como-seran-los-cortes-a-deudores","status":"publish","type":"post","link":"https:\/\/defiendase.com\/index.php\/se-corta-el-chorro-la-privatizacion-de-aysa-y-como-seran-los-cortes-a-deudores\/","title":{"rendered":"Se corta el chorro: la privatizaci\u00f3n de Aysa y c\u00f3mo ser\u00e1n los cortes a deudores"},"content":{"rendered":"\n<p>Con la actualizaci\u00f3n del marco regulatorio, el Gobierno avanza en la privatizaci\u00f3n de la empresa de agua AYSA y ya habilit\u00f3 los cortes por falta de pago, algo que hasta ahora estaba suspendido para este servicio esencial.<\/p>\n\n\n\n<p>Desde el Ejecutivo argumentaron que hay \u201cun contexto de profunda crisis econ\u00f3mica que limita seriamente la capacidad del Estado para sostener y expandir la prestaci\u00f3n del servicio de aguas y cloacas\u201d.<\/p>\n\n\n\n<p>En esa l\u00ednea, el Gobierno decidi\u00f3 vender el 90% de las acciones que corresponden al Estado (el 10% restante son de los trabajadores) con la posibilidad incluso de que haya varios compradores. La \u00fanica condici\u00f3n que puso es que haya un accionista mayoritario que tenga al menos el 51% de las acciones y se responsabilice por la gesti\u00f3n, el manejo y el control de la empresa.<\/p>\n\n\n\n<p>En paralelo, se habilitaron los cortes de suministro a usuarios con deudas de 3 boletas bimestrales seguidas o de 6 boletas alternadas a lo largo de 12 meses. La empresa debe notificar sobre el corte con 15 d\u00edas de anticipaci\u00f3n para dar la posibilidad de pagar lo que se debe y no podr\u00e1 cortar el agua en hogares donde vivan personas con enfermedades cr\u00f3nicas, discapacitados o adultos mayores.<\/p>\n\n\n\n<p>AYSA presta servicio a toda la Ciudad de Bs As y a 26 municipios del conurbano. Para consultar si hay mora, se puede entrar a la p\u00e1gina web de la empresa&nbsp;<a href=\"http:\/\/www.aysa.com.ar\/\">www.aysa.com.ar<\/a>, dirigirse a la secci\u00f3n \u201cConsulta de deuda\u201d y cargar el n\u00famero de cliente que figura en la boleta. Tambi\u00e9n est\u00e1n habilitadas las oficinas comerciales tanto para averiguar si existen deudas como para saldarlas.<\/p>\n","protected":false},"excerpt":{"rendered":"<p>Con la actualizaci\u00f3n del marco regulatorio, el Gobierno avanza en la privatizaci\u00f3n de la empresa<\/p>\n","protected":false},"author":4,"featured_media":6238,"comment_status":"open","ping_status":"open","sticky":false,"template":"","format":"standard","meta":{"om_disable_all_campaigns":false,"_monsterinsights_skip_tracking":false,"_monsterinsights_sitenote_active":false,"_monsterinsights_sitenote_note":"","_monsterinsights_sitenote_category":0},"categories":[10],"tags":[],"aioseo_notices":[],"jetpack_featured_media_url":"https:\/\/defiendase.com\/wp-content\/uploads\/2025\/07\/8d5ef577-5676-42f1-aac4-3fcfef33995c.jpeg","post_mailing_queue_ids":[],"_links":{"self":[{"href":"https:\/\/defiendase.com\/index.php\/wp-json\/wp\/v2\/posts\/6237"}],"collection":[{"href":"https:\/\/defiendase.com\/index.php\/wp-json\/wp\/v2\/posts"}],"about":[{"href":"https:\/\/defiendase.com\/index.php\/wp-json\/wp\/v2\/types\/post"}],"author":[{"embeddable":true,"href":"https:\/\/defiendase.com\/index.php\/wp-json\/wp\/v2\/users\/4"}],"replies":[{"embeddable":true,"href":"https:\/\/defiendase.com\/index.php\/wp-json\/wp\/v2\/comments?post=6237"}],"version-history":[{"count":1,"href":"https:\/\/defiendase.com\/index.php\/wp-json\/wp\/v2\/posts\/6237\/revisions"}],"predecessor-version":[{"id":6239,"href":"https:\/\/defiendase.com\/index.php\/wp-json\/wp\/v2\/posts\/6237\/revisions\/6239"}],"wp:featuredmedia":[{"embeddable":true,"href":"https:\/\/defiendase.com\/index.php\/wp-json\/wp\/v2\/media\/6238"}],"wp:attachment":[{"href":"https:\/\/defiendase.com\/index.php\/wp-json\/wp\/v2\/media?parent=6237"}],"wp:term":[{"taxonomy":"category","embeddable":true,"href":"https:\/\/defiendase.com\/index.php\/wp-json\/wp\/v2\/categories?post=6237"},{"taxonomy":"post_tag","embeddable":true,"href":"https:\/\/defiendase.com\/index.php\/wp-json\/wp\/v2\/tags?post=6237"}],"curies":[{"name":"wp","href":"https:\/\/api.w.org\/{rel}","templated":true}]}}