{"id":6230,"date":"2025-07-22T17:08:42","date_gmt":"2025-07-22T20:08:42","guid":{"rendered":"https:\/\/defiendase.com\/?p=6230"},"modified":"2025-07-22T17:08:44","modified_gmt":"2025-07-22T20:08:44","slug":"aumento-y-bono-para-el-personal-domestico-desde-julio","status":"publish","type":"post","link":"https:\/\/defiendase.com\/index.php\/aumento-y-bono-para-el-personal-domestico-desde-julio\/","title":{"rendered":"Aumento y bono para el personal dom\u00e9stico desde julio"},"content":{"rendered":"\n<p>Despu\u00e9s de 6 meses, el personal dom\u00e9stico tendr\u00e1 un nuevo aumento salarial, seg\u00fan lo acordado por la Comisi\u00f3n Nacional de Trabajo en Casas Particulares. Adem\u00e1s, se incluy\u00f3 el pago de un bono no remunerativo durante 3 meses .<\/p>\n\n\n\n<p>La suba total para el per\u00edodo febrero-septiembre es de 6,5% y se dividir\u00e1 en un 3,5% sobre el salario de enero (que deber\u00e1 pagarse con el salario de julio y no es retroactivo) &nbsp;y un 1% por mes en julio, que se repetir\u00e1 en agosto y en septiembre.&nbsp;<\/p>\n\n\n\n<p>Seg\u00fan el sindicato, a esto se le agregar\u00e1 un bono no remunerativo que no genera aportes ni se contempla para calcular el aguinaldo. Ser\u00e1 \u00fanicamente por 3 meses, desde julio a septiembre, y ser\u00e1 abonado de acuerdo a la cantidad de horas trabajadas. Deber\u00e1 pagarse tanto a los empleados que est\u00e9n en blanco como a los informales.<\/p>\n\n\n\n<p>Para las trabajadoras con m\u00e1s de 16 horas semanales el bono ser\u00e1 de $10 mil en julio, $9.500 en agosto y $9.500 en septiembre.&nbsp;<\/p>\n\n\n\n<p>Para las que trabajan entre 12 y 16 horas por semana ser\u00e1 de $7 mil en julio, $6 mil en agosto y $6 mil en septiembre.<\/p>\n\n\n\n<p>Para quienes trabajan menos de 12 horas semanales, el bono ser\u00e1 de $4 mil en julio, $4 mil en agosto y $4 mil en septiembre.&nbsp;<\/p>\n\n\n\n<p>Es decir que con el salario de julio los empleadores tendr\u00e1n que empezar a pagar el bono y sumar el porcentaje de aumento salarial del 3,5% sobre el sueldo de enero y del 1% correspondiente a este mes.&nbsp;<\/p>\n\n\n\n<p>Las partes se reunir\u00e1n nuevamente en octubre para revisar la escala salarial y definir nuevas subas.<\/p>\n","protected":false},"excerpt":{"rendered":"<p>Despu\u00e9s de 6 meses, el personal dom\u00e9stico tendr\u00e1 un nuevo aumento salarial, seg\u00fan lo acordado<\/p>\n","protected":false},"author":4,"featured_media":6231,"comment_status":"open","ping_status":"open","sticky":false,"template":"","format":"standard","meta":{"om_disable_all_campaigns":false,"_monsterinsights_skip_tracking":false,"_monsterinsights_sitenote_active":false,"_monsterinsights_sitenote_note":"","_monsterinsights_sitenote_category":0},"categories":[8],"tags":[],"aioseo_notices":[],"jetpack_featured_media_url":"https:\/\/defiendase.com\/wp-content\/uploads\/2025\/07\/f011d4ad-ed67-46cc-9dd3-91ed5764c95e.jpeg","post_mailing_queue_ids":[],"_links":{"self":[{"href":"https:\/\/defiendase.com\/index.php\/wp-json\/wp\/v2\/posts\/6230"}],"collection":[{"href":"https:\/\/defiendase.com\/index.php\/wp-json\/wp\/v2\/posts"}],"about":[{"href":"https:\/\/defiendase.com\/index.php\/wp-json\/wp\/v2\/types\/post"}],"author":[{"embeddable":true,"href":"https:\/\/defiendase.com\/index.php\/wp-json\/wp\/v2\/users\/4"}],"replies":[{"embeddable":true,"href":"https:\/\/defiendase.com\/index.php\/wp-json\/wp\/v2\/comments?post=6230"}],"version-history":[{"count":1,"href":"https:\/\/defiendase.com\/index.php\/wp-json\/wp\/v2\/posts\/6230\/revisions"}],"predecessor-version":[{"id":6232,"href":"https:\/\/defiendase.com\/index.php\/wp-json\/wp\/v2\/posts\/6230\/revisions\/6232"}],"wp:featuredmedia":[{"embeddable":true,"href":"https:\/\/defiendase.com\/index.php\/wp-json\/wp\/v2\/media\/6231"}],"wp:attachment":[{"href":"https:\/\/defiendase.com\/index.php\/wp-json\/wp\/v2\/media?parent=6230"}],"wp:term":[{"taxonomy":"category","embeddable":true,"href":"https:\/\/defiendase.com\/index.php\/wp-json\/wp\/v2\/categories?post=6230"},{"taxonomy":"post_tag","embeddable":true,"href":"https:\/\/defiendase.com\/index.php\/wp-json\/wp\/v2\/tags?post=6230"}],"curies":[{"name":"wp","href":"https:\/\/api.w.org\/{rel}","templated":true}]}}