{"id":6215,"date":"2025-07-18T12:06:50","date_gmt":"2025-07-18T15:06:50","guid":{"rendered":"https:\/\/defiendase.com\/?p=6215"},"modified":"2025-07-18T12:06:51","modified_gmt":"2025-07-18T15:06:51","slug":"cuota-alimentaria-como-deben-descontarse-los-pagos-provisorios","status":"publish","type":"post","link":"https:\/\/defiendase.com\/index.php\/cuota-alimentaria-como-deben-descontarse-los-pagos-provisorios\/","title":{"rendered":"Cuota alimentaria: \u00bfc\u00f3mo deben descontarse los pagos provisorios?"},"content":{"rendered":"\n<p>Tras el dictado de la sentencia definitiva por una disputa por la cuota alimentaria que dur\u00f3 m\u00e1s de 3 a\u00f1os, la justicia tuvo un fallo ejemplar al actualizar, conjuntamente con los valores de la cuota, los distintos pagos que un padre de familia le hab\u00eda hecho a su ex mujer y madre de su hijo durante el tiempo que tard\u00f3 la sentencia.<\/p>\n\n\n\n<p>\u00abUna soluci\u00f3n equitativa y razonable para el presente caso justifica admitir que las sumas abonadas en concepto de alimentos provisorios no sean deducidas a valores hist\u00f3ricos ni nominales, sino actualizados\u00bb, sostuvieron los jueces.<\/p>\n\n\n\n<p>El abogado especialista en derecho de familia, Andr\u00e9s Beccar Varela, analiz\u00f3 el fallo en su p\u00e1gina web abogadosdefamilia.com.ar y sostuvo que \u00abresulta de inter\u00e9s toda vez que corrige un efecto disvalioso que se verifica en gran cantidad de procesos de alimentos, a favor del progenitor que los reclama para sus hijos, y que es consecuencia directa de dos factores: la prolongaci\u00f3n del juicio y el proceso inflacionario de singulares caracter\u00edsticas que se vive en nuestro pa\u00eds.\u00bb<\/p>\n\n\n\n<p>\u00abEn este caso el reclamo de alimentos comenz\u00f3 en mayo de 2021 y la sentencia de primera instancia se dict\u00f3 en diciembre de 2024. Durante esos m\u00e1s de tres a\u00f1os y medio que dur\u00f3 el proceso, la inflaci\u00f3n acumulada que se registr\u00f3 en nuestro pa\u00eds fue asombrosamente elevada. Durante ese largo proceso, el demandado fue abonando religiosamente las cuotas alimentarias que provisoriamente se fueron ordenando\u00bb explic\u00f3 Beccar Varela.<\/p>\n\n\n\n<p>Al dictarse la sentencia en diciembre de 2024, se fij\u00f3 una cuota alimentaria definitiva, actualizada seg\u00fan la inflaci\u00f3n. \u00abDe esta manera, lo adeudado por cuotas retroactivas se calcul\u00f3 a valores actuales, mientras que los pagos descontados en concepto de alimentos provisorios quedaron cristalizados y sin variaciones desde las lejanas fechas en que se hab\u00eda efectuado cada dep\u00f3sito, configur\u00e1ndose as\u00ed un enriquecimiento sin causa en favor de la madre\u00bb, agreg\u00f3.<\/p>\n\n\n\n<p>\u00abPara corregir este desajuste, los jueces de C\u00e1mara resolvieron que las sumas abonadas por el alimentante a lo largo del proceso y en concepto de alimentos provisorios, sean deducidas de la liquidaci\u00f3n definitiva, previa actualizaci\u00f3n de su monto conforme a las mismas pautas establecidas para actualizar la cuota definitiva, esto es, en forma trimestral y seg\u00fan el IPC que publica el INDEC\u00bb, concluy\u00f3 Beccar Varela.<\/p>\n","protected":false},"excerpt":{"rendered":"<p>Tras el dictado de la sentencia definitiva por una disputa por la cuota alimentaria que<\/p>\n","protected":false},"author":4,"featured_media":6216,"comment_status":"open","ping_status":"open","sticky":false,"template":"","format":"standard","meta":{"om_disable_all_campaigns":false,"_monsterinsights_skip_tracking":false,"_monsterinsights_sitenote_active":false,"_monsterinsights_sitenote_note":"","_monsterinsights_sitenote_category":0},"categories":[252],"tags":[],"aioseo_notices":[],"jetpack_featured_media_url":"https:\/\/defiendase.com\/wp-content\/uploads\/2025\/07\/305958d3-3088-45b4-9728-579f82bf4271.jpeg","post_mailing_queue_ids":[],"_links":{"self":[{"href":"https:\/\/defiendase.com\/index.php\/wp-json\/wp\/v2\/posts\/6215"}],"collection":[{"href":"https:\/\/defiendase.com\/index.php\/wp-json\/wp\/v2\/posts"}],"about":[{"href":"https:\/\/defiendase.com\/index.php\/wp-json\/wp\/v2\/types\/post"}],"author":[{"embeddable":true,"href":"https:\/\/defiendase.com\/index.php\/wp-json\/wp\/v2\/users\/4"}],"replies":[{"embeddable":true,"href":"https:\/\/defiendase.com\/index.php\/wp-json\/wp\/v2\/comments?post=6215"}],"version-history":[{"count":1,"href":"https:\/\/defiendase.com\/index.php\/wp-json\/wp\/v2\/posts\/6215\/revisions"}],"predecessor-version":[{"id":6217,"href":"https:\/\/defiendase.com\/index.php\/wp-json\/wp\/v2\/posts\/6215\/revisions\/6217"}],"wp:featuredmedia":[{"embeddable":true,"href":"https:\/\/defiendase.com\/index.php\/wp-json\/wp\/v2\/media\/6216"}],"wp:attachment":[{"href":"https:\/\/defiendase.com\/index.php\/wp-json\/wp\/v2\/media?parent=6215"}],"wp:term":[{"taxonomy":"category","embeddable":true,"href":"https:\/\/defiendase.com\/index.php\/wp-json\/wp\/v2\/categories?post=6215"},{"taxonomy":"post_tag","embeddable":true,"href":"https:\/\/defiendase.com\/index.php\/wp-json\/wp\/v2\/tags?post=6215"}],"curies":[{"name":"wp","href":"https:\/\/api.w.org\/{rel}","templated":true}]}}