{"id":6193,"date":"2025-07-14T15:27:11","date_gmt":"2025-07-14T18:27:11","guid":{"rendered":"https:\/\/defiendase.com\/?p=6193"},"modified":"2025-07-14T15:45:47","modified_gmt":"2025-07-14T18:45:47","slug":"fallo-ejemplar-sobre-pluripaternidad-un-hijo-con-una-madre-y-dos-padres-en-entre-rios","status":"publish","type":"post","link":"https:\/\/defiendase.com\/index.php\/fallo-ejemplar-sobre-pluripaternidad-un-hijo-con-una-madre-y-dos-padres-en-entre-rios\/","title":{"rendered":"Fallo ejemplar sobre pluripaternidad: un hijo con una madre y dos padres en Entre R\u00edos"},"content":{"rendered":"\n<p>La Justicia de Entre R\u00edos autoriz\u00f3 la inscripci\u00f3n de una familia pluriparental conformada por un hijo, una madre y dos padres.<\/p>\n\n\n\n<p>La historia empez\u00f3 como tantas otras, con una chica de 19 a\u00f1os embarazada en una relaci\u00f3n casual y un padre que desaparece. Pasados los a\u00f1os, la madre soltera se cas\u00f3 con otro hombre, con el que tuvo otros 3 hijos y cri\u00f3 al beb\u00e9 que hab\u00eda nacido sin conocer a su padre.<\/p>\n\n\n\n<p>Pasado el tiempo, el padre biol\u00f3gico reapareci\u00f3 y, con distintos encuentros, fue reconstruyendo su relaci\u00f3n con su hijo de sangre, que ya hab\u00eda cumplido la mayor\u00eda de edad. Poco a poco comenzaron a vincularse, sin que el joven dejara de sostener su lazo afectivo con la pareja de su madre, que lo hab\u00eda criado como un hijo m\u00e1s.&nbsp;<\/p>\n\n\n\n<p>De ese modo, el joven lleg\u00f3 a la conclusi\u00f3n de que ambos padres eran fundamentales para definirlo como persona y con ese objetivo fue a la justicia. Sostuvo que quer\u00eda que se respetara tanto su identidad de origen biol\u00f3gico como su historia de vida. Y por eso reclam\u00f3 que se lo habilite a tener dos padres.<\/p>\n\n\n\n<p>Para lograr convencer a los jueces, cit\u00f3 normas constitucionales y convencionales relacionadas con los derechos humanos, la identidad de las personas y la aceptaci\u00f3n de otras formas familiares distintas de las tradicionales. Pidi\u00f3 que se declare la inconstitucionalidad del art. 558 del C\u00f3digo civil, que establece que ninguna persona puede tener m\u00e1s de dos v\u00ednculos filiales, y busc\u00f3 argumentos en jurisprudencias innovadoras de juzgados nacionales que receptaron la multiparentalidad o pluriparentalidad.<\/p>\n\n\n\n<p>Tambi\u00e9n se refiri\u00f3 al concepto socio-afectividad como una fuente m\u00e1s de filiaci\u00f3n, algo aceptado por la jurisprudencia.<\/p>\n\n\n\n<p>Seg\u00fan expuso la jueza en su fallo,&nbsp; \u00ablas sentencias dictadas en nuestro pa\u00eds, acogiendo la pluriparentalidad, tienen la particularidad de fundarse en el principio del inter\u00e9s superior de ni\u00f1o\/a y su derecho a la identidad, ya que las sentencias iban dirigidas y ten\u00edan como sujeto de derechos, a una persona menor de edad. No obstante, el derecho a preservar la identidad personal como identidad filiatoria o gen\u00e9tica es com\u00fan a toda persona y no s\u00f3lo privativa de los ni\u00f1os\/as\u00bb. Con este argumento, hizo lugar a la petici\u00f3n del joven, ya adulto.<\/p>\n\n\n\n<p>Finalmente la jueza descart\u00f3 declarar la inconstitucionalidad del art\u00edculo 558 pero s\u00ed su inaplicabilidad \u00abpues afecta ostensiblemente el derecho a la identidad, el derecho humano a conformar una familia y la libertad familiar, a la protecci\u00f3n integral de la familia\u00bb. Adem\u00e1s, resolvi\u00f3 que el hijo pueda agregar el apellido de su padre biol\u00f3gico detr\u00e1s del apellido de su padre de crianza.<\/p>\n","protected":false},"excerpt":{"rendered":"<p>La Justicia de Entre R\u00edos autoriz\u00f3 la inscripci\u00f3n de una familia pluriparental conformada por un<\/p>\n","protected":false},"author":4,"featured_media":6195,"comment_status":"open","ping_status":"open","sticky":false,"template":"","format":"standard","meta":{"om_disable_all_campaigns":false,"_monsterinsights_skip_tracking":false,"_monsterinsights_sitenote_active":false,"_monsterinsights_sitenote_note":"","_monsterinsights_sitenote_category":0},"categories":[252],"tags":[],"aioseo_notices":[],"jetpack_featured_media_url":"https:\/\/defiendase.com\/wp-content\/uploads\/2025\/07\/pluriparental-1.jpg","post_mailing_queue_ids":[],"_links":{"self":[{"href":"https:\/\/defiendase.com\/index.php\/wp-json\/wp\/v2\/posts\/6193"}],"collection":[{"href":"https:\/\/defiendase.com\/index.php\/wp-json\/wp\/v2\/posts"}],"about":[{"href":"https:\/\/defiendase.com\/index.php\/wp-json\/wp\/v2\/types\/post"}],"author":[{"embeddable":true,"href":"https:\/\/defiendase.com\/index.php\/wp-json\/wp\/v2\/users\/4"}],"replies":[{"embeddable":true,"href":"https:\/\/defiendase.com\/index.php\/wp-json\/wp\/v2\/comments?post=6193"}],"version-history":[{"count":2,"href":"https:\/\/defiendase.com\/index.php\/wp-json\/wp\/v2\/posts\/6193\/revisions"}],"predecessor-version":[{"id":6197,"href":"https:\/\/defiendase.com\/index.php\/wp-json\/wp\/v2\/posts\/6193\/revisions\/6197"}],"wp:featuredmedia":[{"embeddable":true,"href":"https:\/\/defiendase.com\/index.php\/wp-json\/wp\/v2\/media\/6195"}],"wp:attachment":[{"href":"https:\/\/defiendase.com\/index.php\/wp-json\/wp\/v2\/media?parent=6193"}],"wp:term":[{"taxonomy":"category","embeddable":true,"href":"https:\/\/defiendase.com\/index.php\/wp-json\/wp\/v2\/categories?post=6193"},{"taxonomy":"post_tag","embeddable":true,"href":"https:\/\/defiendase.com\/index.php\/wp-json\/wp\/v2\/tags?post=6193"}],"curies":[{"name":"wp","href":"https:\/\/api.w.org\/{rel}","templated":true}]}}