{"id":6180,"date":"2025-07-07T15:33:27","date_gmt":"2025-07-07T18:33:27","guid":{"rendered":"https:\/\/defiendase.com\/?p=6180"},"modified":"2025-07-07T15:33:29","modified_gmt":"2025-07-07T18:33:29","slug":"la-justicia-revisa-la-prision-domiciliaria-de-cristina","status":"publish","type":"post","link":"https:\/\/defiendase.com\/index.php\/la-justicia-revisa-la-prision-domiciliaria-de-cristina\/","title":{"rendered":"La justicia revisa la prisi\u00f3n domiciliaria de Cristina"},"content":{"rendered":"\n<p>Despu\u00e9s de una audiencia en la C\u00e1mara de Casaci\u00f3n Penal, la justicia tiene 5 d\u00edas para definir si Cristina Kirchner sigue con prisi\u00f3n domiciliaria en su departamento de la calle San Jos\u00e9 1111 o si cambia esa locaci\u00f3n.&nbsp;<\/p>\n\n\n\n<p>La decisi\u00f3n recaer\u00e1 sobre los jueces Mariano Borinsky, Gustavo Hornos y Diego Barroetave\u00f1a. El fiscal general Mario Villar desisti\u00f3 del pedido de los fiscales de primera instancia, Diego Luciani y Sergio Mola, que hab\u00edan reclamado que la expresidenta vaya a una c\u00e1rcel com\u00fan.&nbsp;<\/p>\n\n\n\n<p>Aunque Luciani y Mola consideran que no hay razones para darle el beneficio de la domiciliaria, Villar sostuvo que Cristina debe seguir presa en un departamento, pero pidi\u00f3 a la C\u00e1mara que ese lugar cambie.&nbsp;<\/p>\n\n\n\n<p>Seg\u00fan el fiscal, el barrio est\u00e1 convulsionado por la presencia de la ex presidenta y la vida cotidiana de los vecinos se ve permanentemente alterada por las manifestaciones, los cortes y la suciedad que se produce en las calles.&nbsp;<\/p>\n\n\n\n<p>Por su parte, la defensa de Cristina rechaz\u00f3 la postura del fiscal y argument\u00f3 que ese departamento es el lugar donde la ex mandataria vive hace a\u00f1os y que all\u00ed es donde debe purgar la condena. Adem\u00e1s pidieron que se revise la decisi\u00f3n del Tribunal Oral Federal N\u00b02 de limitar las visitas que no deben pedir permiso especial. Por ahora &nbsp;s\u00f3lo pueden verla sus familiares directos, m\u00e9dicos y abogados. Seg\u00fan los letrados, esto atenta contra la vida familiar y social de su representada. Por \u00faltimo volvieron a reclamar que se le quite la tobillera electr\u00f3nica, argumentando que no hace falta monitorear los movimientos de alguien tan conocido.&nbsp;<\/p>\n\n\n\n<p>Ahora la C\u00e1mara tiene plazo hasta el viernes para resolver el futuro de Cristina. Qued\u00f3 descartada la posibilidad de que vaya a una c\u00e1rcel com\u00fan, pero puede que decidan que siga su condena en un lugar m\u00e1s perif\u00e9rico.<\/p>\n","protected":false},"excerpt":{"rendered":"<p>Despu\u00e9s de una audiencia en la C\u00e1mara de Casaci\u00f3n Penal, la justicia tiene 5 d\u00edas<\/p>\n","protected":false},"author":4,"featured_media":6181,"comment_status":"open","ping_status":"open","sticky":false,"template":"","format":"standard","meta":{"om_disable_all_campaigns":false,"_monsterinsights_skip_tracking":false,"_monsterinsights_sitenote_active":false,"_monsterinsights_sitenote_note":"","_monsterinsights_sitenote_category":0},"categories":[263],"tags":[],"aioseo_notices":[],"jetpack_featured_media_url":"https:\/\/defiendase.com\/wp-content\/uploads\/2025\/07\/dd68ef4f-f7fd-423d-932e-4b5dc6087b6a.jpeg","post_mailing_queue_ids":[],"_links":{"self":[{"href":"https:\/\/defiendase.com\/index.php\/wp-json\/wp\/v2\/posts\/6180"}],"collection":[{"href":"https:\/\/defiendase.com\/index.php\/wp-json\/wp\/v2\/posts"}],"about":[{"href":"https:\/\/defiendase.com\/index.php\/wp-json\/wp\/v2\/types\/post"}],"author":[{"embeddable":true,"href":"https:\/\/defiendase.com\/index.php\/wp-json\/wp\/v2\/users\/4"}],"replies":[{"embeddable":true,"href":"https:\/\/defiendase.com\/index.php\/wp-json\/wp\/v2\/comments?post=6180"}],"version-history":[{"count":1,"href":"https:\/\/defiendase.com\/index.php\/wp-json\/wp\/v2\/posts\/6180\/revisions"}],"predecessor-version":[{"id":6182,"href":"https:\/\/defiendase.com\/index.php\/wp-json\/wp\/v2\/posts\/6180\/revisions\/6182"}],"wp:featuredmedia":[{"embeddable":true,"href":"https:\/\/defiendase.com\/index.php\/wp-json\/wp\/v2\/media\/6181"}],"wp:attachment":[{"href":"https:\/\/defiendase.com\/index.php\/wp-json\/wp\/v2\/media?parent=6180"}],"wp:term":[{"taxonomy":"category","embeddable":true,"href":"https:\/\/defiendase.com\/index.php\/wp-json\/wp\/v2\/categories?post=6180"},{"taxonomy":"post_tag","embeddable":true,"href":"https:\/\/defiendase.com\/index.php\/wp-json\/wp\/v2\/tags?post=6180"}],"curies":[{"name":"wp","href":"https:\/\/api.w.org\/{rel}","templated":true}]}}