{"id":6177,"date":"2025-07-04T15:45:32","date_gmt":"2025-07-04T18:45:32","guid":{"rendered":"https:\/\/defiendase.com\/?p=6177"},"modified":"2025-07-04T15:45:34","modified_gmt":"2025-07-04T18:45:34","slug":"causa-seguros-alberto-fernandez-volvio-a-declarar-y-el-juez-define-si-lo-procesa","status":"publish","type":"post","link":"https:\/\/defiendase.com\/index.php\/causa-seguros-alberto-fernandez-volvio-a-declarar-y-el-juez-define-si-lo-procesa\/","title":{"rendered":"Causa Seguros: Alberto Fern\u00e1ndez volvi\u00f3 a declarar y el juez define si lo procesa"},"content":{"rendered":"\n<p>Alberto Fern\u00e1ndez tuvo que volver a tribunales para ampliar su indagatoria en la causa Seguros, que investiga casos de corrupci\u00f3n durante su gobierno. Fue despu\u00e9s de que la C\u00e1mara Federal le ordenara al juez Casanello que defina la situaci\u00f3n procesal de los acusados.<\/p>\n\n\n\n<p>El expresidente present\u00f3 un escrito de 11 p\u00e1ginas y contest\u00f3 las preguntas del juez a lo largo de dos horas en las que intent\u00f3 despegarse de las acusaciones y neg\u00f3 una y otra vez haber cometido una maniobra il\u00edcita para direccionar fondos del Estado a empresas o personas allegadas.<\/p>\n\n\n\n<p>Fern\u00e1ndez est\u00e1 imputado por administraci\u00f3n fraudulenta y negociaciones incompatibles con la funci\u00f3n p\u00fablica. Y tras su nueva presentaci\u00f3n en tribunales el juez debe resolver si lonprocesa o no.<\/p>\n\n\n\n<p>La justicia lo investiga por haber firmado un decreto que impon\u00eda la obligaci\u00f3n de que todos los organismos del Estado contrataran servicios de seguro con la empresa Naci\u00f3n Seguros. Esos contratos fueron coptados, en su mayor\u00eda, por el broker H\u00e9ctor Mart\u00ednez Sosa, esposo de Mar\u00eda Cantero, ex secretaria de Fern\u00e1ndez. Los fiscales creen que para llevar adelante esos contratos se pagaron comisiones millonarias que terminaron volviendo a las arcas privadas del entonces presidente.<\/p>\n\n\n\n<p>Por eso tambi\u00e9n est\u00e1 investigado en la causa el ex intendente de la quinta de Olivos, Daniel Fern\u00e1ndez que, seg\u00fan la hip\u00f3tesis, podr\u00eda ser un testaferro de Alberto Fern\u00e1ndez o de Mart\u00ednez Sosa.<\/p>\n\n\n\n<p>A la espera de la resoluci\u00f3n del juez, la abogada de Fernandez, Mariana Barbitta, sostuvo que la acusaci\u00f3n en contra del ex presidente es \u201cgen\u00e9rica\u201d.<\/p>\n","protected":false},"excerpt":{"rendered":"<p>Alberto Fern\u00e1ndez tuvo que volver a tribunales para ampliar su indagatoria en la causa Seguros,<\/p>\n","protected":false},"author":4,"featured_media":6178,"comment_status":"open","ping_status":"open","sticky":false,"template":"","format":"standard","meta":{"om_disable_all_campaigns":false,"_monsterinsights_skip_tracking":false,"_monsterinsights_sitenote_active":false,"_monsterinsights_sitenote_note":"","_monsterinsights_sitenote_category":0},"categories":[263],"tags":[],"aioseo_notices":[],"jetpack_featured_media_url":"https:\/\/defiendase.com\/wp-content\/uploads\/2025\/07\/WhatsApp-Image-2025-07-04-at-15.44.27.jpeg","post_mailing_queue_ids":[],"_links":{"self":[{"href":"https:\/\/defiendase.com\/index.php\/wp-json\/wp\/v2\/posts\/6177"}],"collection":[{"href":"https:\/\/defiendase.com\/index.php\/wp-json\/wp\/v2\/posts"}],"about":[{"href":"https:\/\/defiendase.com\/index.php\/wp-json\/wp\/v2\/types\/post"}],"author":[{"embeddable":true,"href":"https:\/\/defiendase.com\/index.php\/wp-json\/wp\/v2\/users\/4"}],"replies":[{"embeddable":true,"href":"https:\/\/defiendase.com\/index.php\/wp-json\/wp\/v2\/comments?post=6177"}],"version-history":[{"count":1,"href":"https:\/\/defiendase.com\/index.php\/wp-json\/wp\/v2\/posts\/6177\/revisions"}],"predecessor-version":[{"id":6179,"href":"https:\/\/defiendase.com\/index.php\/wp-json\/wp\/v2\/posts\/6177\/revisions\/6179"}],"wp:featuredmedia":[{"embeddable":true,"href":"https:\/\/defiendase.com\/index.php\/wp-json\/wp\/v2\/media\/6178"}],"wp:attachment":[{"href":"https:\/\/defiendase.com\/index.php\/wp-json\/wp\/v2\/media?parent=6177"}],"wp:term":[{"taxonomy":"category","embeddable":true,"href":"https:\/\/defiendase.com\/index.php\/wp-json\/wp\/v2\/categories?post=6177"},{"taxonomy":"post_tag","embeddable":true,"href":"https:\/\/defiendase.com\/index.php\/wp-json\/wp\/v2\/tags?post=6177"}],"curies":[{"name":"wp","href":"https:\/\/api.w.org\/{rel}","templated":true}]}}