{"id":6174,"date":"2025-07-04T15:41:41","date_gmt":"2025-07-04T18:41:41","guid":{"rendered":"https:\/\/defiendase.com\/?p=6174"},"modified":"2025-07-04T15:41:44","modified_gmt":"2025-07-04T18:41:44","slug":"codigo-acusatorio-fuerte-advertencia-de-la-procuracion-al-ministerio","status":"publish","type":"post","link":"https:\/\/defiendase.com\/index.php\/codigo-acusatorio-fuerte-advertencia-de-la-procuracion-al-ministerio\/","title":{"rendered":"C\u00f3digo acusatorio: fuerte advertencia de la Procuraci\u00f3n al Ministerio"},"content":{"rendered":"\n<p>Cuando queda poco m\u00e1s de un mes para que arranque su implementaci\u00f3n, el procurador general Eduardo Casal le volvi\u00f3 a advertir al ministro de Justicia Mariano C\u00faneo Libarona que no est\u00e1n dadas las condiciones para la entrada en vigencia del nuevo sistema acusatorio, que deber\u00eda regir a partir del 11 de agosto en la justicia federal.<\/p>\n\n\n\n<p>Uno de los principales escollos es econ\u00f3mico: no se actualizaron las partidas e incluso desde el Ministerio de Econom\u00eda pidieron reducir los fondos para las fiscal\u00edas. Adem\u00e1s, Casal indic\u00f3 que se necesita m\u00e1s personal en el Ministerio P\u00fablico Fiscal y tampoco est\u00e1 garantizada la cobertura de esos puestos.<\/p>\n\n\n\n<p>El informe tambi\u00e9n hace hincapi\u00e9 en la falta de jueces (el 33% de los juzgados est\u00e1n vacantes desde hace meses) y en la falta de integraci\u00f3n de tribunales.&nbsp; Tambi\u00e9n en distintos problemas edilicios que demandan la apertura de nuevos espacios para atender a las v\u00edctimas, alojar detenidos, guardar evidencias y realizar audiencias.<\/p>\n\n\n\n<p>Por otro lado, como tras la reforma toda la tarea investigativa recaer\u00e1 sobre los fiscales, el procurador tambi\u00e9n reclam\u00f3 el traspaso de cuerpos de peritos al \u00e1rea de las fiscal\u00edas y la adquisici\u00f3n de computadoras y licencias de software acordes con las nuevas competencias que tendr\u00e1n.&nbsp; Nada de eso se consigui\u00f3 hasta ahora.<\/p>\n\n\n\n<p>Para concluir, Casal le pidi\u00f3&nbsp; a C\u00faneo Libarona que le de garant\u00edas de que, pese a todas estas necesidades irresueltas, el nuevo sistema procesal puede iniciarse a principios de agosto como est\u00e1 estipulado. Algo que, por lo visto, parece muy dif\u00edcil aunque el gobierno insiste en no modificar las fechas.<\/p>\n","protected":false},"excerpt":{"rendered":"<p>Cuando queda poco m\u00e1s de un mes para que arranque su implementaci\u00f3n, el procurador general<\/p>\n","protected":false},"author":4,"featured_media":6175,"comment_status":"open","ping_status":"open","sticky":false,"template":"","format":"standard","meta":{"om_disable_all_campaigns":false,"_monsterinsights_skip_tracking":false,"_monsterinsights_sitenote_active":false,"_monsterinsights_sitenote_note":"","_monsterinsights_sitenote_category":0},"categories":[263],"tags":[],"aioseo_notices":[],"jetpack_featured_media_url":"https:\/\/defiendase.com\/wp-content\/uploads\/2025\/07\/comodoro-py.jpg","post_mailing_queue_ids":[],"_links":{"self":[{"href":"https:\/\/defiendase.com\/index.php\/wp-json\/wp\/v2\/posts\/6174"}],"collection":[{"href":"https:\/\/defiendase.com\/index.php\/wp-json\/wp\/v2\/posts"}],"about":[{"href":"https:\/\/defiendase.com\/index.php\/wp-json\/wp\/v2\/types\/post"}],"author":[{"embeddable":true,"href":"https:\/\/defiendase.com\/index.php\/wp-json\/wp\/v2\/users\/4"}],"replies":[{"embeddable":true,"href":"https:\/\/defiendase.com\/index.php\/wp-json\/wp\/v2\/comments?post=6174"}],"version-history":[{"count":1,"href":"https:\/\/defiendase.com\/index.php\/wp-json\/wp\/v2\/posts\/6174\/revisions"}],"predecessor-version":[{"id":6176,"href":"https:\/\/defiendase.com\/index.php\/wp-json\/wp\/v2\/posts\/6174\/revisions\/6176"}],"wp:featuredmedia":[{"embeddable":true,"href":"https:\/\/defiendase.com\/index.php\/wp-json\/wp\/v2\/media\/6175"}],"wp:attachment":[{"href":"https:\/\/defiendase.com\/index.php\/wp-json\/wp\/v2\/media?parent=6174"}],"wp:term":[{"taxonomy":"category","embeddable":true,"href":"https:\/\/defiendase.com\/index.php\/wp-json\/wp\/v2\/categories?post=6174"},{"taxonomy":"post_tag","embeddable":true,"href":"https:\/\/defiendase.com\/index.php\/wp-json\/wp\/v2\/tags?post=6174"}],"curies":[{"name":"wp","href":"https:\/\/api.w.org\/{rel}","templated":true}]}}