{"id":6167,"date":"2025-07-02T14:34:15","date_gmt":"2025-07-02T17:34:15","guid":{"rendered":"https:\/\/defiendase.com\/?p=6167"},"modified":"2025-07-02T14:34:18","modified_gmt":"2025-07-02T17:34:18","slug":"fabiola-yanez-pedira-12-anos-para-alberto-fernandez","status":"publish","type":"post","link":"https:\/\/defiendase.com\/index.php\/fabiola-yanez-pedira-12-anos-para-alberto-fernandez\/","title":{"rendered":"Fabiola Ya\u00f1ez pedir\u00e1 12 a\u00f1os para Alberto Fern\u00e1ndez"},"content":{"rendered":"\n<p>La situaci\u00f3n judicial de Alberto Fern\u00e1ndez se complica cada vez m\u00e1s a ra\u00edz de la denuncia por violencia de g\u00e9nero hecha por su ex mujer Fabiola Ya\u00f1ez. La querella ya anticip\u00f3 que pedir\u00e1 la pena m\u00e1xima para este tipo de delitos, que es de 12 a\u00f1os de prisi\u00f3n.<\/p>\n\n\n\n<p>La investigaci\u00f3n ya est\u00e1 concluida y los abogados de Ya\u00f1ez sostienen que la prueba en contra del expresidente es contundente. La acusaci\u00f3n se centra en dos episodios de golpes, uno en la Quinta de Olivos y otro en el departamento de Puerto Madero. Y a eso se suman diversas amenazas. M\u00e1s all\u00e1 de las fotos que se hicieron p\u00fablicas cuando el esc\u00e1ndalo sali\u00f3 a la luz, est\u00e1n los chats del celular de Fern\u00e1ndez que lo comprometer\u00edan a\u00fan m\u00e1s. En esos mensajes hay pedidos de disculpas y ofrecimientos econ\u00f3micos tras los presuntos hechos de violencia.&nbsp;<\/p>\n\n\n\n<p>Una vez presentado el dictamen de la querella, el juez Ercolini deber\u00e1 resolver si acepta la elevaci\u00f3n a juicio oral. Seg\u00fan el informe del fiscal Ramiro Gonzalez, hay evidencia de \u00abun contexto de violencia de g\u00e9nero signado por la particular relaci\u00f3n asim\u00e9trica de poder con el agresor\u00bb. En el texto detalla que \u00abpor lo menos desde el a\u00f1o 2016 hasta que se formaliz\u00f3 la denuncia, Alberto Fern\u00e1ndez ejerci\u00f3 de un modo sistem\u00e1tico violencia psicol\u00f3gica contra Fabiola Y\u00e1\u00f1ez bajo las formas de acosos, hostigamientos, controles, indiferencia, insultos, culpabilizaci\u00f3n, destrato, retiro de la palabra, ninguneos y hostilidad\u00bb.<\/p>\n\n\n\n<p>La defensa del expresidente sostiene que en realidad esos golpes fueron producto de la adicci\u00f3n al alcohol de Ya\u00f1ez y que en realidad Fern\u00e1ndez era la v\u00edctima de los malos tratos en la pareja. Con esto, intentar\u00e1 evitar la elevaci\u00f3n a juicio. Sin embargo, el panorama no es alentador para el exmandatario, que desde que se radic\u00f3 la denuncia no volvi\u00f3 a mostrarse en p\u00fablico.<\/p>\n","protected":false},"excerpt":{"rendered":"<p>La situaci\u00f3n judicial de Alberto Fern\u00e1ndez se complica cada vez m\u00e1s a ra\u00edz de la<\/p>\n","protected":false},"author":4,"featured_media":6168,"comment_status":"open","ping_status":"open","sticky":false,"template":"","format":"standard","meta":{"om_disable_all_campaigns":false,"_monsterinsights_skip_tracking":false,"_monsterinsights_sitenote_active":false,"_monsterinsights_sitenote_note":"","_monsterinsights_sitenote_category":0},"categories":[263],"tags":[],"aioseo_notices":[],"jetpack_featured_media_url":"https:\/\/defiendase.com\/wp-content\/uploads\/2025\/07\/Imagen-2-7-25-a-las-2.33\u202fp.-m..jpeg","post_mailing_queue_ids":[],"_links":{"self":[{"href":"https:\/\/defiendase.com\/index.php\/wp-json\/wp\/v2\/posts\/6167"}],"collection":[{"href":"https:\/\/defiendase.com\/index.php\/wp-json\/wp\/v2\/posts"}],"about":[{"href":"https:\/\/defiendase.com\/index.php\/wp-json\/wp\/v2\/types\/post"}],"author":[{"embeddable":true,"href":"https:\/\/defiendase.com\/index.php\/wp-json\/wp\/v2\/users\/4"}],"replies":[{"embeddable":true,"href":"https:\/\/defiendase.com\/index.php\/wp-json\/wp\/v2\/comments?post=6167"}],"version-history":[{"count":1,"href":"https:\/\/defiendase.com\/index.php\/wp-json\/wp\/v2\/posts\/6167\/revisions"}],"predecessor-version":[{"id":6169,"href":"https:\/\/defiendase.com\/index.php\/wp-json\/wp\/v2\/posts\/6167\/revisions\/6169"}],"wp:featuredmedia":[{"embeddable":true,"href":"https:\/\/defiendase.com\/index.php\/wp-json\/wp\/v2\/media\/6168"}],"wp:attachment":[{"href":"https:\/\/defiendase.com\/index.php\/wp-json\/wp\/v2\/media?parent=6167"}],"wp:term":[{"taxonomy":"category","embeddable":true,"href":"https:\/\/defiendase.com\/index.php\/wp-json\/wp\/v2\/categories?post=6167"},{"taxonomy":"post_tag","embeddable":true,"href":"https:\/\/defiendase.com\/index.php\/wp-json\/wp\/v2\/tags?post=6167"}],"curies":[{"name":"wp","href":"https:\/\/api.w.org\/{rel}","templated":true}]}}