{"id":6138,"date":"2025-06-27T11:26:58","date_gmt":"2025-06-27T14:26:58","guid":{"rendered":"https:\/\/defiendase.com\/?p=6138"},"modified":"2025-06-27T11:27:00","modified_gmt":"2025-06-27T14:27:00","slug":"segun-un-informe-sube-la-confianza-en-la-justicia","status":"publish","type":"post","link":"https:\/\/defiendase.com\/index.php\/segun-un-informe-sube-la-confianza-en-la-justicia\/","title":{"rendered":"Seg\u00fan un informe, sube la confianza en la justicia"},"content":{"rendered":"\n<p>Durante el primer semestre de 2025, la confianza de la sociedad argentina en la Justicia se increment\u00f3 0.1 punto respecto del segundo semestre 2024 y 0.9 puntos respecto del primer semestre 2024, mostrando as\u00ed una mejora interanual de casi un punto. Son datos de un relevamiento de la Universidad Torcuato Di Tella y la Asociaci\u00f3n FORES.<\/p>\n\n\n\n<p>Este avance explica la mayor predisposici\u00f3n ciudadana a recurrir a la Justicia ante conflictos puntuales.&nbsp;<\/p>\n\n\n\n<p>Seg\u00fan el informe, \u00aba pesar de las percepciones, los ciudadanos respetan la institucionalidad y recurren a la justicia reconociendo que es el espacio de resoluci\u00f3n de conflictos en un Estado democr\u00e1tico y republicano\u00bb. &nbsp;En noviembre de 2024, el 43% de las personas consultadas respondi\u00f3 que no recurrir\u00eda a la Justicia debido a su mal funcionamiento, pero en mayo 2025 hubo una mejora: dicho n\u00famero baj\u00f3 al 40%.<\/p>\n\n\n\n<p>Respecto a recurrir a la Justicia ante diversas situaciones, se observ\u00f3 mayor predisposici\u00f3n a ir a la Justicia en la gente joven y de mediana edad; tambi\u00e9n, quienes tienen estudios secundarios y terciarios son quienes informaron mayor intenci\u00f3n de recurrir a la Justicia vs. quienes tienen estudios primarios. Finalmente, se vio mayor predisposici\u00f3n de recurrir a la justicia en el p\u00fablico de CABA, disminuyendo en el Conurbano bonaerense y m\u00e1s a\u00fan en el<\/p>\n\n\n\n<p>interior.<\/p>\n\n\n\n<p>La percepci\u00f3n sobre eficiencia en la Justicia tiene una mejora leve pero sostenida en el tiempo. Al sumar variables \u00abmuy confiable\u00bb y \u00abbastante confiable\u00bb se observan los siguientes resultados: octubre 2023, 9 puntos; mayo 2024, 10 puntos; noviembre 2024, 14 puntos y mayo 2025, 14 puntos.<\/p>\n\n\n\n<p>Por \u00faltimo el informe detalla que los principales reclamos de mejorar en la justicia por parte de la ciudadan\u00eda pasan por tener menos demoras en los juicios, tener menor interferencia de los poderes pol\u00edticos y econ\u00f3micos y una mejor formaci\u00f3n y capacitaci\u00f3n de los jueces.<\/p>\n","protected":false},"excerpt":{"rendered":"<p>Durante el primer semestre de 2025, la confianza de la sociedad argentina en la Justicia<\/p>\n","protected":false},"author":4,"featured_media":6139,"comment_status":"open","ping_status":"open","sticky":false,"template":"","format":"standard","meta":{"om_disable_all_campaigns":false,"_monsterinsights_skip_tracking":false,"_monsterinsights_sitenote_active":false,"_monsterinsights_sitenote_note":"","_monsterinsights_sitenote_category":0},"categories":[263],"tags":[],"aioseo_notices":[],"jetpack_featured_media_url":"https:\/\/defiendase.com\/wp-content\/uploads\/2025\/06\/IMG_2127.webp","post_mailing_queue_ids":[],"_links":{"self":[{"href":"https:\/\/defiendase.com\/index.php\/wp-json\/wp\/v2\/posts\/6138"}],"collection":[{"href":"https:\/\/defiendase.com\/index.php\/wp-json\/wp\/v2\/posts"}],"about":[{"href":"https:\/\/defiendase.com\/index.php\/wp-json\/wp\/v2\/types\/post"}],"author":[{"embeddable":true,"href":"https:\/\/defiendase.com\/index.php\/wp-json\/wp\/v2\/users\/4"}],"replies":[{"embeddable":true,"href":"https:\/\/defiendase.com\/index.php\/wp-json\/wp\/v2\/comments?post=6138"}],"version-history":[{"count":1,"href":"https:\/\/defiendase.com\/index.php\/wp-json\/wp\/v2\/posts\/6138\/revisions"}],"predecessor-version":[{"id":6140,"href":"https:\/\/defiendase.com\/index.php\/wp-json\/wp\/v2\/posts\/6138\/revisions\/6140"}],"wp:featuredmedia":[{"embeddable":true,"href":"https:\/\/defiendase.com\/index.php\/wp-json\/wp\/v2\/media\/6139"}],"wp:attachment":[{"href":"https:\/\/defiendase.com\/index.php\/wp-json\/wp\/v2\/media?parent=6138"}],"wp:term":[{"taxonomy":"category","embeddable":true,"href":"https:\/\/defiendase.com\/index.php\/wp-json\/wp\/v2\/categories?post=6138"},{"taxonomy":"post_tag","embeddable":true,"href":"https:\/\/defiendase.com\/index.php\/wp-json\/wp\/v2\/tags?post=6138"}],"curies":[{"name":"wp","href":"https:\/\/api.w.org\/{rel}","templated":true}]}}