{"id":6135,"date":"2025-06-26T12:12:01","date_gmt":"2025-06-26T15:12:01","guid":{"rendered":"https:\/\/defiendase.com\/?p=6135"},"modified":"2025-06-26T12:12:03","modified_gmt":"2025-06-26T15:12:03","slug":"gil-lavedra-pidio-que-se-incorporen-mujeres-a-la-corte-suprema","status":"publish","type":"post","link":"https:\/\/defiendase.com\/index.php\/gil-lavedra-pidio-que-se-incorporen-mujeres-a-la-corte-suprema\/","title":{"rendered":"Gil Lavedra pidi\u00f3 que se incorporen mujeres a la Corte Suprema"},"content":{"rendered":"\n<p>La reforma de la Corte Suprema avanza a paso lento en el Congreso de la Naci\u00f3n. De los 8 proyectos que hay, 4 proponen mantener el n\u00famero actual de miembros, 2 &nbsp;buscan ampliarlo y 6 que proponen agregar una perspectiva de g\u00e9nero incluyendo mujeres en el tribunal. En un plenario de comisiones en el Senado, el titular del Colegio P\u00fablico de la Abogac\u00eda de Buenos Aires, Ricardo Gil Lavedra, se pronunci\u00f3 en contra de sumar m\u00e1s magistrados pero en paralelo defendi\u00f3 la incorporaci\u00f3n de juezas.<\/p>\n\n\n\n<p>\u00abVeo sumamente inconveniente en estos momentos modificar el n\u00famero de miembros de la Corte Suprema y a la vez, estoy plenamente de acuerdo con incluir la perspectiva de g\u00e9nero\u00bb, dijo ante los senadores.&nbsp;<\/p>\n\n\n\n<p>El titular del Colegio de la Abogac\u00eda se mostr\u00f3 preocupado por la baja institucionalidad que atraviesa nuestro pa\u00eds y sobre todo por la crisis de confianza que hay entre la poblaci\u00f3n y la justicia. En este sentido, explic\u00f3 que \u00absi se abre la suspicacia de que la modificaci\u00f3n de los miembros de la Corte responde a intereses pol\u00edticos, eso va a deteriorar m\u00e1s la confianza de la gente\u00bb. Por eso resalt\u00f3 que lo primero que hay que hacer es \u201ctratar de estabilizar la instituci\u00f3n\u201d.<\/p>\n\n\n\n<p>Sin embargo, Gil Lavedra se mostr\u00f3 a favor de incorporar juezas al tribunal. \u00abEs inadmisible que tengamos un tribunal superior compuesto exclusivamente por hombres. Es inadmisible con lo que requiere la Constituci\u00f3n, con lo que ocurre en todos los pa\u00edses del mundo occidental. No existen tribunales superiores compuestos exclusivamente por hombres. Por eso, me parecen muy bien todos los proyectos que contienen esto, como as\u00ed tambi\u00e9n, que la Corte tenga una cuesti\u00f3n de representaci\u00f3n federal\u00bb, sostuvo.<\/p>\n\n\n\n<p>Por \u00faltimo, tras el rechazo de los pliegos de Ariel Lijo y Manuel Garc\u00eda Mansilla por los mismos senadores que lo estaban escuchando, el ex camarista afirm\u00f3 que \u00ablo m\u00e1s beneficioso para la pol\u00edtica es que tengamos una Corte Suprema independiente e imparcial. Esa es la mejor garant\u00eda para todos\u00bb.<\/p>\n","protected":false},"excerpt":{"rendered":"<p>La reforma de la Corte Suprema avanza a paso lento en el Congreso de la<\/p>\n","protected":false},"author":4,"featured_media":6136,"comment_status":"open","ping_status":"open","sticky":false,"template":"","format":"standard","meta":{"om_disable_all_campaigns":false,"_monsterinsights_skip_tracking":false,"_monsterinsights_sitenote_active":false,"_monsterinsights_sitenote_note":"","_monsterinsights_sitenote_category":0},"categories":[263],"tags":[],"aioseo_notices":[],"jetpack_featured_media_url":"https:\/\/defiendase.com\/wp-content\/uploads\/2025\/06\/IMG_2608.jpeg","post_mailing_queue_ids":[],"_links":{"self":[{"href":"https:\/\/defiendase.com\/index.php\/wp-json\/wp\/v2\/posts\/6135"}],"collection":[{"href":"https:\/\/defiendase.com\/index.php\/wp-json\/wp\/v2\/posts"}],"about":[{"href":"https:\/\/defiendase.com\/index.php\/wp-json\/wp\/v2\/types\/post"}],"author":[{"embeddable":true,"href":"https:\/\/defiendase.com\/index.php\/wp-json\/wp\/v2\/users\/4"}],"replies":[{"embeddable":true,"href":"https:\/\/defiendase.com\/index.php\/wp-json\/wp\/v2\/comments?post=6135"}],"version-history":[{"count":1,"href":"https:\/\/defiendase.com\/index.php\/wp-json\/wp\/v2\/posts\/6135\/revisions"}],"predecessor-version":[{"id":6137,"href":"https:\/\/defiendase.com\/index.php\/wp-json\/wp\/v2\/posts\/6135\/revisions\/6137"}],"wp:featuredmedia":[{"embeddable":true,"href":"https:\/\/defiendase.com\/index.php\/wp-json\/wp\/v2\/media\/6136"}],"wp:attachment":[{"href":"https:\/\/defiendase.com\/index.php\/wp-json\/wp\/v2\/media?parent=6135"}],"wp:term":[{"taxonomy":"category","embeddable":true,"href":"https:\/\/defiendase.com\/index.php\/wp-json\/wp\/v2\/categories?post=6135"},{"taxonomy":"post_tag","embeddable":true,"href":"https:\/\/defiendase.com\/index.php\/wp-json\/wp\/v2\/tags?post=6135"}],"curies":[{"name":"wp","href":"https:\/\/api.w.org\/{rel}","templated":true}]}}