{"id":6128,"date":"2025-06-24T18:52:31","date_gmt":"2025-06-24T21:52:31","guid":{"rendered":"https:\/\/defiendase.com\/?p=6128"},"modified":"2025-06-24T18:56:28","modified_gmt":"2025-06-24T21:56:28","slug":"escandalo-maradona-antes-del-juicio-politico-renuncio-la-jueza-julieta-makintach","status":"publish","type":"post","link":"https:\/\/defiendase.com\/index.php\/escandalo-maradona-antes-del-juicio-politico-renuncio-la-jueza-julieta-makintach\/","title":{"rendered":"Esc\u00e1ndalo Maradona: antes del juicio pol\u00edtico renunci\u00f3 la jueza Julieta Makintach&nbsp;"},"content":{"rendered":"\n<p>Tras el&nbsp;revuelo y la indignaci\u00f3n&nbsp;generados&nbsp;por la filmaci\u00f3n de un documental secreto durante el juicio oral por la muerte de Diego Maradona, la jueza Julieta Makintach present\u00f3 su renuncia al cargo. La decisi\u00f3n fue comunicada horas despu\u00e9s de que el tribunal de enjuiciamiento se declarara competente para avanzar con un juicio pol\u00edtico en su contra.<\/p>\n\n\n\n<p>En su carta dirigida al gobernador bonaerense Axel Kicillof, Makintach reconoci\u00f3 el impacto institucional y social de los hechos, y expres\u00f3 que su renuncia responde al compromiso con los valores republicanos y al entendimiento de que la confianza en el Poder Judicial no se sostiene \u00fanicamente en la legalidad formal, sino tambi\u00e9n en la percepci\u00f3n p\u00fablica. Asegur\u00f3 que su salida busca contribuir a la reparaci\u00f3n del da\u00f1o causado y preservar el prestigio de las instituciones.<\/p>\n\n\n\n<p>La renuncia fue presentada el mismo d\u00eda en que los jueces del tribunal de enjuiciamiento se reunieron por primera vez en La Plata. All\u00ed, adem\u00e1s de declararse competentes, resolvieron la suspensi\u00f3n de Makintach \u2014quien ya se encontraba con licencia\u2014 y activaron el plazo de cinco d\u00edas para que la magistrada fuera notificada y pudiera ejercer su defensa. En lugar de responder, la jueza decidi\u00f3 apartarse del cargo de manera definitiva.<\/p>\n\n\n\n<p>El cuerpo de jueces que aprob\u00f3 avanzar con el jury estuvo integrado por \u00c1lvaro Garc\u00eda Orsi, Pablo Agust\u00edn Grillo Ciocchini, Fabi\u00e1n Ram\u00f3n Gonz\u00e1lez, Mar\u00eda Victoria Lorences y Mirta Daniela Greco. Como suplentes participaron Alberto Biglieri, Lisandro Benito y Guillermo Andr\u00e9s Marcos. La causa por la grabaci\u00f3n del documental durante el juicio, considerada de extrema sensibilidad p\u00fablica, contin\u00faa generando repercusiones en el \u00e1mbito judicial.<\/p>\n","protected":false},"excerpt":{"rendered":"<p>Tras el&nbsp;revuelo y la indignaci\u00f3n&nbsp;generados&nbsp;por la filmaci\u00f3n de un documental secreto durante el juicio oral<\/p>\n","protected":false},"author":4,"featured_media":6129,"comment_status":"open","ping_status":"open","sticky":false,"template":"","format":"standard","meta":{"om_disable_all_campaigns":false,"_monsterinsights_skip_tracking":false,"_monsterinsights_sitenote_active":false,"_monsterinsights_sitenote_note":"","_monsterinsights_sitenote_category":0},"categories":[263],"tags":[],"aioseo_notices":[],"jetpack_featured_media_url":"https:\/\/defiendase.com\/wp-content\/uploads\/2025\/06\/image-5.png","post_mailing_queue_ids":[],"_links":{"self":[{"href":"https:\/\/defiendase.com\/index.php\/wp-json\/wp\/v2\/posts\/6128"}],"collection":[{"href":"https:\/\/defiendase.com\/index.php\/wp-json\/wp\/v2\/posts"}],"about":[{"href":"https:\/\/defiendase.com\/index.php\/wp-json\/wp\/v2\/types\/post"}],"author":[{"embeddable":true,"href":"https:\/\/defiendase.com\/index.php\/wp-json\/wp\/v2\/users\/4"}],"replies":[{"embeddable":true,"href":"https:\/\/defiendase.com\/index.php\/wp-json\/wp\/v2\/comments?post=6128"}],"version-history":[{"count":2,"href":"https:\/\/defiendase.com\/index.php\/wp-json\/wp\/v2\/posts\/6128\/revisions"}],"predecessor-version":[{"id":6131,"href":"https:\/\/defiendase.com\/index.php\/wp-json\/wp\/v2\/posts\/6128\/revisions\/6131"}],"wp:featuredmedia":[{"embeddable":true,"href":"https:\/\/defiendase.com\/index.php\/wp-json\/wp\/v2\/media\/6129"}],"wp:attachment":[{"href":"https:\/\/defiendase.com\/index.php\/wp-json\/wp\/v2\/media?parent=6128"}],"wp:term":[{"taxonomy":"category","embeddable":true,"href":"https:\/\/defiendase.com\/index.php\/wp-json\/wp\/v2\/categories?post=6128"},{"taxonomy":"post_tag","embeddable":true,"href":"https:\/\/defiendase.com\/index.php\/wp-json\/wp\/v2\/tags?post=6128"}],"curies":[{"name":"wp","href":"https:\/\/api.w.org\/{rel}","templated":true}]}}