{"id":6116,"date":"2025-06-23T16:25:42","date_gmt":"2025-06-23T19:25:42","guid":{"rendered":"https:\/\/defiendase.com\/?p=6116"},"modified":"2025-06-23T16:25:45","modified_gmt":"2025-06-23T19:25:45","slug":"le-robaron-la-bici-en-el-gimnasio-y-ahora-tendran-que-indemnizarlo","status":"publish","type":"post","link":"https:\/\/defiendase.com\/index.php\/le-robaron-la-bici-en-el-gimnasio-y-ahora-tendran-que-indemnizarlo\/","title":{"rendered":"Le robaron la bici en el gimnasio y ahora tendr\u00e1n que indemnizarlo"},"content":{"rendered":"\n<p>La justicia le dio la raz\u00f3n a un hombre que dej\u00f3 su bicicleta atada en un gimnasio mientras iba a entrenar&nbsp; y fue victima de un robo. El hecho ocurri\u00f3 en Devoto, en noviembre de 2020, y la v\u00edctima decidi\u00f3 hacer una denuncia. Tras un primer fallo a favor y una apelaci\u00f3n del gimnasio, la C\u00e1mara resolvi\u00f3 que la entidad deber\u00e1 pagarle al damnificado una suma por el valor original de la bicicleta y hasta tuvo que advertir a la v\u00edctima, que hab\u00eda pasado una factura por el doble de lo que sal\u00eda su rodado.<\/p>\n\n\n\n<p>En primer lugar, el fallo en primera instancia responsabiliz\u00f3 al gimnasio por el robo y argument\u00f3 que cuando existe una relaci\u00f3n de consumo, el prestador del servicio tiene la obligaci\u00f3n de asegurarse que el consumidor est\u00e9 seguro junto a sus pertenencias, mientras se encuentre dentro del establecimiento.<\/p>\n\n\n\n<p>El gimnasio apel\u00f3 la decisi\u00f3n y sostuvo que la bicicleta no estaba dentro del establecimiento, intentando desligarse de la responsabilidad. Sin embargo, en segunda instancia, la C\u00e1mara confirm\u00f3 el fallo comprobando y determinando que en realidad s\u00ed hab\u00eda un bicicletero dentro del gimnasio y que el veh\u00edculo se hab\u00eda guardado ah\u00ed durante la estad\u00eda del consumidor. Con eso, validaron que el robo ocurri\u00f3 dentro del \u00e1mbito del servicio contratado.<a><\/a>La Direcci\u00f3n General de Defensa y Protecci\u00f3n al Consumidor hab\u00eda determinado una indemnizaci\u00f3n superior a los 90 mil pesos, tomando como referencia una factura que hab\u00eda presentado el cliente, pero al analizar ese comprobante, el tribunal descurbi\u00f3 que el monto de $42.000 correspond\u00eda al valor de dos bicicletas y no de una sola. Y por ese motivo, los jueces resolvieron ajustar la cifra y reducirla a la mitad. Por lo que finalmente la compensaci\u00f3n por da\u00f1o directo se fij\u00f3 en $45.429,72.<br><\/p>\n","protected":false},"excerpt":{"rendered":"<p>La justicia le dio la raz\u00f3n a un hombre que dej\u00f3 su bicicleta atada en<\/p>\n","protected":false},"author":4,"featured_media":6117,"comment_status":"open","ping_status":"open","sticky":false,"template":"","format":"standard","meta":{"om_disable_all_campaigns":false,"_monsterinsights_skip_tracking":false,"_monsterinsights_sitenote_active":false,"_monsterinsights_sitenote_note":"","_monsterinsights_sitenote_category":0},"categories":[5],"tags":[],"aioseo_notices":[],"jetpack_featured_media_url":"https:\/\/defiendase.com\/wp-content\/uploads\/2025\/06\/Bicicleta-cicla.jpg","post_mailing_queue_ids":[],"_links":{"self":[{"href":"https:\/\/defiendase.com\/index.php\/wp-json\/wp\/v2\/posts\/6116"}],"collection":[{"href":"https:\/\/defiendase.com\/index.php\/wp-json\/wp\/v2\/posts"}],"about":[{"href":"https:\/\/defiendase.com\/index.php\/wp-json\/wp\/v2\/types\/post"}],"author":[{"embeddable":true,"href":"https:\/\/defiendase.com\/index.php\/wp-json\/wp\/v2\/users\/4"}],"replies":[{"embeddable":true,"href":"https:\/\/defiendase.com\/index.php\/wp-json\/wp\/v2\/comments?post=6116"}],"version-history":[{"count":1,"href":"https:\/\/defiendase.com\/index.php\/wp-json\/wp\/v2\/posts\/6116\/revisions"}],"predecessor-version":[{"id":6118,"href":"https:\/\/defiendase.com\/index.php\/wp-json\/wp\/v2\/posts\/6116\/revisions\/6118"}],"wp:featuredmedia":[{"embeddable":true,"href":"https:\/\/defiendase.com\/index.php\/wp-json\/wp\/v2\/media\/6117"}],"wp:attachment":[{"href":"https:\/\/defiendase.com\/index.php\/wp-json\/wp\/v2\/media?parent=6116"}],"wp:term":[{"taxonomy":"category","embeddable":true,"href":"https:\/\/defiendase.com\/index.php\/wp-json\/wp\/v2\/categories?post=6116"},{"taxonomy":"post_tag","embeddable":true,"href":"https:\/\/defiendase.com\/index.php\/wp-json\/wp\/v2\/tags?post=6116"}],"curies":[{"name":"wp","href":"https:\/\/api.w.org\/{rel}","templated":true}]}}