{"id":6108,"date":"2025-06-23T11:14:30","date_gmt":"2025-06-23T14:14:30","guid":{"rendered":"https:\/\/defiendase.com\/?p=6108"},"modified":"2025-06-23T11:14:32","modified_gmt":"2025-06-23T14:14:32","slug":"esto-decia-cristina-sobre-la-ley-cuando-era-senadora","status":"publish","type":"post","link":"https:\/\/defiendase.com\/index.php\/esto-decia-cristina-sobre-la-ley-cuando-era-senadora\/","title":{"rendered":"Esto dec\u00eda Cristina sobre la ley cuando era senadora"},"content":{"rendered":"\n<p>La ex presidenta Cristina Kirchner va a cumplir una semana presa en su departamento por defraudaci\u00f3n al Estado. Pese a haber sido beneficiada con la prisi\u00f3n domiciliaria y tener libertad para mandar mensajes a la militancia, salir al balc\u00f3n e incluso poder recibir ciertas visitas, Cristina sigue cuestionando su condena. Y en sus diatribas apunta a la Corte Suprema como referentes de un supuesto \u00abPartido Judicial\u00bb que responde a intereses de sectores econ\u00f3micos concentrados que, seg\u00fan dice, \u00a0la quieren fuera de la pelea pol\u00edtica.\u00a0<\/p>\n\n\n\n<figure class=\"wp-block-video\"><video controls src=\"https:\/\/defiendase.com\/wp-content\/uploads\/2025\/06\/WhatsApp-Video-2025-06-23-at-11.11.46.mp4\"><\/video><\/figure>\n\n\n\n<p>Sin embargo, en sus a\u00f1os como senadora, antes de acceder al poder presidencial, Cristina opinaba muy distinto y bregaba por una justicia igualitaria. \u00abLa ley tiene una caracter\u00edstica, ser general para el conjunto de la sociedad. Y por lo tanto todos los ciudadanos deben respetar esa ley\u00bb, afirmaba en esos a\u00f1os antes de sentirse -como ahora- por encima de esa ley.<\/p>\n\n\n\n<p>La entonces senadora explicaba: \u00abhay una creencia enraizada, y con justa raz\u00f3n, en la sociedad de que las leyes son para los de abajo, que cuando se est\u00e1 arriba o se tiene poder o dinero, la ley no lo alcanza\u00bb.&nbsp;<\/p>\n\n\n\n<p>Creen o reventar. Es la misma persona. O tal vez no.<\/p>\n","protected":false},"excerpt":{"rendered":"<p>La ex presidenta Cristina Kirchner va a cumplir una semana presa en su departamento por<\/p>\n","protected":false},"author":4,"featured_media":6110,"comment_status":"open","ping_status":"open","sticky":false,"template":"","format":"standard","meta":{"om_disable_all_campaigns":false,"_monsterinsights_skip_tracking":false,"_monsterinsights_sitenote_active":false,"_monsterinsights_sitenote_note":"","_monsterinsights_sitenote_category":0},"categories":[263],"tags":[],"aioseo_notices":[],"jetpack_featured_media_url":"https:\/\/defiendase.com\/wp-content\/uploads\/2025\/06\/image-4.png","post_mailing_queue_ids":[],"_links":{"self":[{"href":"https:\/\/defiendase.com\/index.php\/wp-json\/wp\/v2\/posts\/6108"}],"collection":[{"href":"https:\/\/defiendase.com\/index.php\/wp-json\/wp\/v2\/posts"}],"about":[{"href":"https:\/\/defiendase.com\/index.php\/wp-json\/wp\/v2\/types\/post"}],"author":[{"embeddable":true,"href":"https:\/\/defiendase.com\/index.php\/wp-json\/wp\/v2\/users\/4"}],"replies":[{"embeddable":true,"href":"https:\/\/defiendase.com\/index.php\/wp-json\/wp\/v2\/comments?post=6108"}],"version-history":[{"count":1,"href":"https:\/\/defiendase.com\/index.php\/wp-json\/wp\/v2\/posts\/6108\/revisions"}],"predecessor-version":[{"id":6111,"href":"https:\/\/defiendase.com\/index.php\/wp-json\/wp\/v2\/posts\/6108\/revisions\/6111"}],"wp:featuredmedia":[{"embeddable":true,"href":"https:\/\/defiendase.com\/index.php\/wp-json\/wp\/v2\/media\/6110"}],"wp:attachment":[{"href":"https:\/\/defiendase.com\/index.php\/wp-json\/wp\/v2\/media?parent=6108"}],"wp:term":[{"taxonomy":"category","embeddable":true,"href":"https:\/\/defiendase.com\/index.php\/wp-json\/wp\/v2\/categories?post=6108"},{"taxonomy":"post_tag","embeddable":true,"href":"https:\/\/defiendase.com\/index.php\/wp-json\/wp\/v2\/tags?post=6108"}],"curies":[{"name":"wp","href":"https:\/\/api.w.org\/{rel}","templated":true}]}}