{"id":6105,"date":"2025-06-20T09:59:35","date_gmt":"2025-06-20T12:59:35","guid":{"rendered":"https:\/\/defiendase.com\/?p=6105"},"modified":"2025-06-20T09:59:37","modified_gmt":"2025-06-20T12:59:37","slug":"ya-presa-cristina-suma-reveses-judiciales-y-debe-enfrentar-nuevos-juicios","status":"publish","type":"post","link":"https:\/\/defiendase.com\/index.php\/ya-presa-cristina-suma-reveses-judiciales-y-debe-enfrentar-nuevos-juicios\/","title":{"rendered":"Ya presa, Cristina suma reveses judiciales y debe enfrentar nuevos juicios&nbsp;"},"content":{"rendered":"\n<p>Durante las primeras horas de su prisi\u00f3n domiciliaria por la causa Vialidad, Cristina Kirchner recibi\u00f3 nuevas malas noticias de su compleja situaci\u00f3n judicial.&nbsp;<\/p>\n\n\n\n<p>El Tribunal Oral Federal N\u00b0 5, que la investiga por asociaci\u00f3n il\u00edcita y lavado de dinero en la causa Hotesur &#8211; Los Sauces, rechaz\u00f3 levantar el embargo preventivo que pesa sobre 6 millones de d\u00f3lares en efectivo y unas 50 propiedades de la ex presidenta y de su hijo M\u00e1ximo Kirchner.&nbsp;<\/p>\n\n\n\n<p>Los jueces avalaron la posici\u00f3n de la fiscal\u00eda, que sosten\u00eda que levantar el embargo en este momento implicaba un posible riesgo para futuras devoluciones al Estado en caso de una condena.<\/p>\n\n\n\n<p>En esta causa -que est\u00e1 vinculada a la de Vialidad, por la que ya fue condenada Cristina- se investiga si la ex presidenta y su hijo le alquilaban habitaciones de sus hoteles en el sur a la empresa Austral Construcciones de L\u00e1zaro B\u00e1ez para lograr blanquear los retornos de los sobreprecios que se pagaban en las adjudicaciones de obra p\u00fablica en Santa Cruz.&nbsp;<\/p>\n\n\n\n<p>Pero la de Hotesur-Los Sauces no es la \u00fanica causa que desvela a la expresidenta. Tambi\u00e9n est\u00e1 la de los &nbsp;\u00abCuadernos de las coimas\u00bb, en la que Cristina est\u00e1 acusada de ser la jefa de una asociaci\u00f3n il\u00edcita que recaudaba coimas entre los empresarios para adjudicar obra p\u00fablica y tambi\u00e9n la del Memor\u00e1ndum con Ir\u00e1n, en la que est\u00e1 acusada de presunto encubrimiento del atentado a la AMIA.&nbsp;<\/p>\n\n\n\n<p>El proceso por la causa Cuadernos arrancar\u00e1 en noviembre y el del Memor\u00e1ndum, al igual que la de Hotesur-Los Sauces, a\u00fan no tiene fecha.&nbsp;<\/p>\n\n\n\n<p>As\u00ed, mientras purga su condena a 6 a\u00f1os de prisi\u00f3n en la causa Vialidad, Cristina podr\u00eda sumar nuevas penas que extiendan su tiempo de reclusi\u00f3n e incluso la puedan llevar a una c\u00e1rcel com\u00fan.&nbsp;<\/p>\n","protected":false},"excerpt":{"rendered":"<p>Durante las primeras horas de su prisi\u00f3n domiciliaria por la causa Vialidad, Cristina Kirchner recibi\u00f3<\/p>\n","protected":false},"author":4,"featured_media":6106,"comment_status":"open","ping_status":"open","sticky":false,"template":"","format":"standard","meta":{"om_disable_all_campaigns":false,"_monsterinsights_skip_tracking":false,"_monsterinsights_sitenote_active":false,"_monsterinsights_sitenote_note":"","_monsterinsights_sitenote_category":0},"categories":[263],"tags":[],"aioseo_notices":[],"jetpack_featured_media_url":"https:\/\/defiendase.com\/wp-content\/uploads\/2025\/06\/785aea8e-a27a-4a83-8177-3a0611c581bd.jpeg","post_mailing_queue_ids":[],"_links":{"self":[{"href":"https:\/\/defiendase.com\/index.php\/wp-json\/wp\/v2\/posts\/6105"}],"collection":[{"href":"https:\/\/defiendase.com\/index.php\/wp-json\/wp\/v2\/posts"}],"about":[{"href":"https:\/\/defiendase.com\/index.php\/wp-json\/wp\/v2\/types\/post"}],"author":[{"embeddable":true,"href":"https:\/\/defiendase.com\/index.php\/wp-json\/wp\/v2\/users\/4"}],"replies":[{"embeddable":true,"href":"https:\/\/defiendase.com\/index.php\/wp-json\/wp\/v2\/comments?post=6105"}],"version-history":[{"count":1,"href":"https:\/\/defiendase.com\/index.php\/wp-json\/wp\/v2\/posts\/6105\/revisions"}],"predecessor-version":[{"id":6107,"href":"https:\/\/defiendase.com\/index.php\/wp-json\/wp\/v2\/posts\/6105\/revisions\/6107"}],"wp:featuredmedia":[{"embeddable":true,"href":"https:\/\/defiendase.com\/index.php\/wp-json\/wp\/v2\/media\/6106"}],"wp:attachment":[{"href":"https:\/\/defiendase.com\/index.php\/wp-json\/wp\/v2\/media?parent=6105"}],"wp:term":[{"taxonomy":"category","embeddable":true,"href":"https:\/\/defiendase.com\/index.php\/wp-json\/wp\/v2\/categories?post=6105"},{"taxonomy":"post_tag","embeddable":true,"href":"https:\/\/defiendase.com\/index.php\/wp-json\/wp\/v2\/tags?post=6105"}],"curies":[{"name":"wp","href":"https:\/\/api.w.org\/{rel}","templated":true}]}}