{"id":6101,"date":"2025-06-19T15:31:17","date_gmt":"2025-06-19T18:31:17","guid":{"rendered":"https:\/\/defiendase.com\/?p=6101"},"modified":"2025-06-19T15:31:20","modified_gmt":"2025-06-19T18:31:20","slug":"residencias-prioridad-para-los-medicos-recibidos-en-argentina","status":"publish","type":"post","link":"https:\/\/defiendase.com\/index.php\/residencias-prioridad-para-los-medicos-recibidos-en-argentina\/","title":{"rendered":"Residencias: prioridad para los m\u00e9dicos recibidos en Argentina"},"content":{"rendered":"\n<p>Desde este martes, el Ministerio de Salud orden\u00f3 un cambio en el sistema de selecci\u00f3n de residencias m\u00e9dicas. A partir de ahora, los m\u00e9dicos que se formaron completamente en universidades argentinas recibir\u00e1n cinco puntos extra en el orden de m\u00e9rito a la hora de la selecci\u00f3n.<\/p>\n\n\n\n<p>Hasta el momento, el promedio universitario y el Examen \u00danico de Residencias defin\u00edan el ranking. Con este ajuste, se busca corregir una \u201cdistorsi\u00f3n hist\u00f3rica\u201d que impactaba negativamente en nuestros profesionales frente a los que estudiaron en el exterior.<\/p>\n\n\n\n<p>El vocero presidencial Manuel Adorni lo dej\u00f3 claro en su cuenta de X: \u201cAhora los m\u00e9dicos formados en universidades argentinas tendr\u00e1n prioridad en las residencias. Es hora de reconocer el esfuerzo de quienes apuestan por nuestro pa\u00eds\u201d<\/p>\n\n\n\n<p>Bajo el nuevo esquema, se mantiene el c\u00e1lculo tradicional: promedio + 50% del puntaje en el Examen \u00danico de Residencias y con eso se sumar\u00e1n 5 puntos extra para quienes cursaron toda la carrera en el pa\u00eds.<\/p>\n\n\n\n<p>La medida alcanza a todos los aspirantes. Seg\u00fan datos oficiales, hay 7.277 m\u00e9dicos inscriptos para rendir, de los cuales 4.853 son graduados en Argentina y 2.424 recibidos en el exterior. En 2024 se otorgaron 3.333 residencias, y para este a\u00f1o hay 3.390 cupos disponibles<\/p>\n\n\n\n<p>Las autoridades de la Ciudad y la Provincia de Buenos Aires ya fueron notificadas para implementar la medida de inmediato.&nbsp;<\/p>\n\n\n\n<p><\/p>\n","protected":false},"excerpt":{"rendered":"<p>Desde este martes, el Ministerio de Salud orden\u00f3 un cambio en el sistema de selecci\u00f3n<\/p>\n","protected":false},"author":4,"featured_media":6102,"comment_status":"open","ping_status":"open","sticky":false,"template":"","format":"standard","meta":{"om_disable_all_campaigns":false,"_monsterinsights_skip_tracking":false,"_monsterinsights_sitenote_active":false,"_monsterinsights_sitenote_note":"","_monsterinsights_sitenote_category":0},"categories":[17],"tags":[],"aioseo_notices":[],"jetpack_featured_media_url":"https:\/\/defiendase.com\/wp-content\/uploads\/2025\/06\/Z3JJBVJP7NCVRNTCU4BPKCSVLE.jpg","post_mailing_queue_ids":[],"_links":{"self":[{"href":"https:\/\/defiendase.com\/index.php\/wp-json\/wp\/v2\/posts\/6101"}],"collection":[{"href":"https:\/\/defiendase.com\/index.php\/wp-json\/wp\/v2\/posts"}],"about":[{"href":"https:\/\/defiendase.com\/index.php\/wp-json\/wp\/v2\/types\/post"}],"author":[{"embeddable":true,"href":"https:\/\/defiendase.com\/index.php\/wp-json\/wp\/v2\/users\/4"}],"replies":[{"embeddable":true,"href":"https:\/\/defiendase.com\/index.php\/wp-json\/wp\/v2\/comments?post=6101"}],"version-history":[{"count":1,"href":"https:\/\/defiendase.com\/index.php\/wp-json\/wp\/v2\/posts\/6101\/revisions"}],"predecessor-version":[{"id":6103,"href":"https:\/\/defiendase.com\/index.php\/wp-json\/wp\/v2\/posts\/6101\/revisions\/6103"}],"wp:featuredmedia":[{"embeddable":true,"href":"https:\/\/defiendase.com\/index.php\/wp-json\/wp\/v2\/media\/6102"}],"wp:attachment":[{"href":"https:\/\/defiendase.com\/index.php\/wp-json\/wp\/v2\/media?parent=6101"}],"wp:term":[{"taxonomy":"category","embeddable":true,"href":"https:\/\/defiendase.com\/index.php\/wp-json\/wp\/v2\/categories?post=6101"},{"taxonomy":"post_tag","embeddable":true,"href":"https:\/\/defiendase.com\/index.php\/wp-json\/wp\/v2\/tags?post=6101"}],"curies":[{"name":"wp","href":"https:\/\/api.w.org\/{rel}","templated":true}]}}