{"id":6095,"date":"2025-06-17T17:07:36","date_gmt":"2025-06-17T20:07:36","guid":{"rendered":"https:\/\/defiendase.com\/?p=6095"},"modified":"2025-06-17T17:07:39","modified_gmt":"2025-06-17T20:07:39","slug":"cristina-quedo-presa-en-su-casa-y-con-tobillera-electronica","status":"publish","type":"post","link":"https:\/\/defiendase.com\/index.php\/cristina-quedo-presa-en-su-casa-y-con-tobillera-electronica\/","title":{"rendered":"Cristina qued\u00f3 presa en su casa y con tobillera electr\u00f3nica"},"content":{"rendered":"\n<p>Con el objetivo de evitar que se traslade a los tribunales de Comodoro Py, el Tribunal Oral Federal N\u00b02 notific\u00f3 a Cristina Kirchner por zoom de que concede el beneficio de la prisi\u00f3n domiciliaria.<\/p>\n\n\n\n<p>La decisi\u00f3n fue firmada por el Juez Gorini y comunicada oficialmente este martes. Con esta resoluci\u00f3n, no es necesario que la ex presidenta se presente en Comodoro Py y a partir de ahora ya empez\u00f3 a cumplir su condena de 6 a\u00f1os en su departamento de Consitutici\u00f3n, por corrupci\u00f3n en el Caso Vialidad.<\/p>\n\n\n\n<p>Adem\u00e1s, aunque no deba presentarse ante el tribunal, estar\u00e1 vigilada las 24 horas por una tobillera electr\u00f3nica. As\u00ed lo ordena el fallo: \u201cOrdenar a la Direcci\u00f3n de Asistencia a Personas Bajo Vigilancia Electr\u00f3nica, dependiente de la Subsecretar\u00eda de Asuntos Penitenciarios del Ministerio de Seguridad Nacional, la colocaci\u00f3n de un dispositivo de vigilancia electr\u00f3nico\u201d.<\/p>\n\n\n\n<p>Ahora deber\u00e1 presentar un listado con los nombres de familiares, m\u00e9dicos, custodios y abogados que estar\u00e1n autorizados a visitarla.<\/p>\n\n\n\n<p>Esta decisi\u00f3n de los jueces que condenaron a la expresidenta por defraudaci\u00f3n al Estado es contraria al dictamen de la fiscal\u00eda, que hab\u00eda rechazado el pedido de la domiciliaria y ped\u00eda que Cristina fuera trasladada a una prisi\u00f3n com\u00fan. Sin embargo, se sab\u00eda que ese dictamen no era vinculante.<\/p>\n\n\n\n<p>Ahora, tras la comunicaci\u00f3n del TOF, Cristina empezar\u00e1 a purgar la pena a 6 a\u00f1os de prisi\u00f3n en su domicilio de la calle San Jos\u00e9 1111.<\/p>\n\n\n\n<p>Pese a que la expresidenta ya no necesitar\u00e1 moverse a tribunales, el kirchnerismo, la CGT, movimientos sociales y varios gremios ya anticiparon una gran marcha en repudio a la condena para ma\u00f1ana desde las 10. Las columnas se concentrar\u00e1n en la esquina del departamento de Cristina e ir\u00e1n hasta los tribunales de Comodoro Py recorriendo unas 60 cuadras.<\/p>\n\n\n\n<p>Por esta raz\u00f3n tanto la Naci\u00f3n como la polic\u00eda de la Ciudad coordinan un operativo para aislar el per\u00edmetro del edificio de los tribunales federales.<\/p>\n","protected":false},"excerpt":{"rendered":"<p>Con el objetivo de evitar que se traslade a los tribunales de Comodoro Py, el<\/p>\n","protected":false},"author":4,"featured_media":6096,"comment_status":"open","ping_status":"open","sticky":false,"template":"","format":"standard","meta":{"om_disable_all_campaigns":false,"_monsterinsights_skip_tracking":false,"_monsterinsights_sitenote_active":false,"_monsterinsights_sitenote_note":"","_monsterinsights_sitenote_category":0},"categories":[263],"tags":[],"aioseo_notices":[],"jetpack_featured_media_url":"https:\/\/defiendase.com\/wp-content\/uploads\/2025\/06\/1Eb2lQElO_600x600__1.jpg","post_mailing_queue_ids":[],"_links":{"self":[{"href":"https:\/\/defiendase.com\/index.php\/wp-json\/wp\/v2\/posts\/6095"}],"collection":[{"href":"https:\/\/defiendase.com\/index.php\/wp-json\/wp\/v2\/posts"}],"about":[{"href":"https:\/\/defiendase.com\/index.php\/wp-json\/wp\/v2\/types\/post"}],"author":[{"embeddable":true,"href":"https:\/\/defiendase.com\/index.php\/wp-json\/wp\/v2\/users\/4"}],"replies":[{"embeddable":true,"href":"https:\/\/defiendase.com\/index.php\/wp-json\/wp\/v2\/comments?post=6095"}],"version-history":[{"count":1,"href":"https:\/\/defiendase.com\/index.php\/wp-json\/wp\/v2\/posts\/6095\/revisions"}],"predecessor-version":[{"id":6097,"href":"https:\/\/defiendase.com\/index.php\/wp-json\/wp\/v2\/posts\/6095\/revisions\/6097"}],"wp:featuredmedia":[{"embeddable":true,"href":"https:\/\/defiendase.com\/index.php\/wp-json\/wp\/v2\/media\/6096"}],"wp:attachment":[{"href":"https:\/\/defiendase.com\/index.php\/wp-json\/wp\/v2\/media?parent=6095"}],"wp:term":[{"taxonomy":"category","embeddable":true,"href":"https:\/\/defiendase.com\/index.php\/wp-json\/wp\/v2\/categories?post=6095"},{"taxonomy":"post_tag","embeddable":true,"href":"https:\/\/defiendase.com\/index.php\/wp-json\/wp\/v2\/tags?post=6095"}],"curies":[{"name":"wp","href":"https:\/\/api.w.org\/{rel}","templated":true}]}}