{"id":6092,"date":"2025-06-17T11:56:38","date_gmt":"2025-06-17T14:56:38","guid":{"rendered":"https:\/\/defiendase.com\/?p=6092"},"modified":"2025-06-17T11:56:40","modified_gmt":"2025-06-17T14:56:40","slug":"la-fiscalia-rechazo-la-prision-domiciliaria-de-cristina","status":"publish","type":"post","link":"https:\/\/defiendase.com\/index.php\/la-fiscalia-rechazo-la-prision-domiciliaria-de-cristina\/","title":{"rendered":"La fiscal\u00eda rechaz\u00f3 la prisi\u00f3n domiciliaria de Cristina"},"content":{"rendered":"\n<p>Los fiscales Diego Luiciani y Sergio Mola, responsables de impulsar la investigaci\u00f3n que termin\u00f3 con la condena de Cristina Kirchner a 6 a\u00f1os de prisi\u00f3n, rechazaron el pedido de la ex presidenta para cumplir la pena en su departamento de la calle San Jos\u00e9 y Humberto Primo. Ahora la decisi\u00f3n final qued\u00f3 en manos del Tribunal Oral Federal N\u00b02.<\/p>\n\n\n\n<p>El dictamen de Luciani y Mola, que no es vinculante, se bas\u00f3 en el art\u00edculo 10 del C\u00f3digo Penal, que habilita a los jueces a conceder la prisi\u00f3n domiciliaria a los condenados mayores de 70 a\u00f1os pero no los obliga a ello.&nbsp;<\/p>\n\n\n\n<p>\u00abLa ejecuci\u00f3n de la pena bajo el r\u00e9gimen domiciliario, en primer lugar, constituye una excepci\u00f3n al cumplimiento de la pena privativa de libertad en prisi\u00f3n. En segundo lugar, no debe ser admitida autom\u00e1ticamente por la mera circunstancia de que la persona condenada se encuentre comprendida dentro de uno de los supuestos previstos en las disposiciones citadas\u00bb, explicaron.&nbsp;<\/p>\n\n\n\n<p>Tanto Mola como Luciani, que durante la instrucci\u00f3n hab\u00edan pedido duplicar la condena al considerar que Cristina Kirchner tambi\u00e9n hab\u00eda incurrido en el delito de asociaci\u00f3n il\u00edcita, sostuvieron que \u00abno se advierten las razones humanitarias que justifican conceder una medida excepcional como lo es la detenci\u00f3n domiciliaria\u00bb y pidieron que sea alojada en una c\u00e1rcel com\u00fan. &nbsp;\u00abEn particular, no se encuentran configuradas ni esgrimidas razones de salud o razones personales que, vinculadas a la edad, permitan inferir que el encierro carcelario pueda afectar el derecho a un trato digno o humanitario reconocido a las personas privadas de su libertad\u00bb, afirmaron. &nbsp;<\/p>\n\n\n\n<p>Sin embargo, lo m\u00e1s probable es que el Tribunal resuelva concederle la prisi\u00f3n domiciliaria a Cristina en las pr\u00f3ximas horas, aunque hay que ver con qu\u00e9 restricciones. Reconociendo esta posibilidad, los fiscales pidieron que aunque sea la expresidenta utilice tobillera electr\u00f3nica.<\/p>\n\n\n\n<p>La semana pasada el TOF ya hab\u00eda rechazado el pedido de detenci\u00f3n inmediata que hab\u00eda hecho la fiscal\u00eda. Y se especula con que entre hoy y ma\u00f1ana Cristina sea notificada por zoom del lugar donde deber\u00e1 cumplir la condena para evitar que se traslade a los tribunales de Comodoro Py.<\/p>\n\n\n\n<p>De todas formas el kirchnerismo, apoyado por la CGT y los movimientos sociales ya anticiparon que habr\u00e1 una gran marcha, vaya o no Cristina a tribunales.&nbsp;<\/p>\n\n\n\n<p>Son horas de definici\u00f3n. Y tambi\u00e9n de convulsi\u00f3n.<\/p>\n","protected":false},"excerpt":{"rendered":"<p>Los fiscales Diego Luiciani y Sergio Mola, responsables de impulsar la investigaci\u00f3n que termin\u00f3 con<\/p>\n","protected":false},"author":4,"featured_media":6093,"comment_status":"open","ping_status":"open","sticky":false,"template":"","format":"standard","meta":{"om_disable_all_campaigns":false,"_monsterinsights_skip_tracking":false,"_monsterinsights_sitenote_active":false,"_monsterinsights_sitenote_note":"","_monsterinsights_sitenote_category":0},"categories":[263],"tags":[],"aioseo_notices":[],"jetpack_featured_media_url":"https:\/\/defiendase.com\/wp-content\/uploads\/2025\/06\/cristina-balcon-2.jpeg","post_mailing_queue_ids":[],"_links":{"self":[{"href":"https:\/\/defiendase.com\/index.php\/wp-json\/wp\/v2\/posts\/6092"}],"collection":[{"href":"https:\/\/defiendase.com\/index.php\/wp-json\/wp\/v2\/posts"}],"about":[{"href":"https:\/\/defiendase.com\/index.php\/wp-json\/wp\/v2\/types\/post"}],"author":[{"embeddable":true,"href":"https:\/\/defiendase.com\/index.php\/wp-json\/wp\/v2\/users\/4"}],"replies":[{"embeddable":true,"href":"https:\/\/defiendase.com\/index.php\/wp-json\/wp\/v2\/comments?post=6092"}],"version-history":[{"count":1,"href":"https:\/\/defiendase.com\/index.php\/wp-json\/wp\/v2\/posts\/6092\/revisions"}],"predecessor-version":[{"id":6094,"href":"https:\/\/defiendase.com\/index.php\/wp-json\/wp\/v2\/posts\/6092\/revisions\/6094"}],"wp:featuredmedia":[{"embeddable":true,"href":"https:\/\/defiendase.com\/index.php\/wp-json\/wp\/v2\/media\/6093"}],"wp:attachment":[{"href":"https:\/\/defiendase.com\/index.php\/wp-json\/wp\/v2\/media?parent=6092"}],"wp:term":[{"taxonomy":"category","embeddable":true,"href":"https:\/\/defiendase.com\/index.php\/wp-json\/wp\/v2\/categories?post=6092"},{"taxonomy":"post_tag","embeddable":true,"href":"https:\/\/defiendase.com\/index.php\/wp-json\/wp\/v2\/tags?post=6092"}],"curies":[{"name":"wp","href":"https:\/\/api.w.org\/{rel}","templated":true}]}}