{"id":6088,"date":"2025-06-16T12:41:35","date_gmt":"2025-06-16T15:41:35","guid":{"rendered":"https:\/\/defiendase.com\/?p=6088"},"modified":"2025-06-16T12:41:37","modified_gmt":"2025-06-16T15:41:37","slug":"pese-a-una-confusa-movida-del-inacap-cadam-aclara-que-el-aporte-por-capacitacion-es-voluntario","status":"publish","type":"post","link":"https:\/\/defiendase.com\/index.php\/pese-a-una-confusa-movida-del-inacap-cadam-aclara-que-el-aporte-por-capacitacion-es-voluntario\/","title":{"rendered":"Pese a una confusa movida del INACAP, CADAM aclara que el aporte por capacitaci\u00f3n es &nbsp;voluntario&nbsp;"},"content":{"rendered":"\n<p>Desde el jueves 5 de junio rige el decreto 149\/2025 que transforma en optativo el aporte de los empresarios de comercio al Instituto Argentino de Capacitaci\u00f3n Profesional y Tecnol\u00f3gica para el Comercio (INACAP) por la capacitaci\u00f3n de sus empleados. Sin embargo, una medida cautelar dictada por el Juzgado Contencioso Administrativo N\u00b01 de Avellaneda y Lan\u00fas mantuvo, s\u00f3lo para las empresas de esos distritos, la calidad obligatoria de la contribuci\u00f3n. Desde la C\u00e1mara de Distribuidores y Autoservicios Mayoristas (CADAM) advirtieron que eso no significa que en el resto del pa\u00eds el aporte siga siendo obligatorio.\u00a0<\/p>\n\n\n\n<p>\u00abDicha medida, tiene efectos limitados \u00fanicamente al \u00e1mbito territorial del Departamento Judicial de Avellaneda-Lan\u00fas, lo que comprende exclusivamente a aquellas empresas (afiliadas o no) que posean sede, sucursal, agencia o franquicia dentro de dicho radio geogr\u00e1fico. As\u00ed lo confirm\u00f3 el oficio aclaratorio del 4 de junio de 2025. El resto de las empresas del pa\u00eds no se encuentran alcanzadas por dicha medida cautelar\u00bb, explicaron desde CADAM.<\/p>\n\n\n\n<p>Esta aclaraci\u00f3n es a ra\u00edz de una nueva movida comunicacional del INACAP, que en su web destaca que \u00abtodos los obligados al pago deber\u00e1n continuar cumpliendo con los mismos\u00bb. &nbsp;CADAM afirm\u00f3 que \u00abla informaci\u00f3n publicada en el sitio podr\u00eda generar confusi\u00f3n deliberada, al no especificar que los efectos de la medida judicial son exclusivamente locales y no generales o de alcance nacional\u00bb. Y agreg\u00f3 que \u00abtampoco informa que por la entrada en vigencia del Decreto 149\/2025, &nbsp;el aporte ahora es voluntario\u00bb.<\/p>\n\n\n\n<p>Por esta raz\u00f3n, desde CADAM se envi\u00f3 una carta documento a las autoridades \u00abpara evitar interpretaciones err\u00f3neas &nbsp;que puedan inducir al cumplimiento o pagos indebidos por parte de las empresas no alcanzadas por la medida judicial\u00bb.<\/p>\n\n\n\n<p>Los empresarios mayoristas advierten que, al tener m\u00e1s de 1,2 millones de trabajadores en comercio, el aporte al INACAP recauda unos 70 mil millones de pesos al a\u00f1o por los que no se rinden cuentas. Y por eso sostienen una pelea para que se cumpla el nuevo decreto que declara voluntaria esa contribuci\u00f3n.<\/p>\n","protected":false},"excerpt":{"rendered":"<p>Desde el jueves 5 de junio rige el decreto 149\/2025 que transforma en optativo el<\/p>\n","protected":false},"author":4,"featured_media":6089,"comment_status":"open","ping_status":"open","sticky":false,"template":"","format":"standard","meta":{"om_disable_all_campaigns":false,"_monsterinsights_skip_tracking":false,"_monsterinsights_sitenote_active":false,"_monsterinsights_sitenote_note":"","_monsterinsights_sitenote_category":0},"categories":[263],"tags":[],"aioseo_notices":[],"jetpack_featured_media_url":"https:\/\/defiendase.com\/wp-content\/uploads\/2025\/06\/image-3.png","post_mailing_queue_ids":[],"_links":{"self":[{"href":"https:\/\/defiendase.com\/index.php\/wp-json\/wp\/v2\/posts\/6088"}],"collection":[{"href":"https:\/\/defiendase.com\/index.php\/wp-json\/wp\/v2\/posts"}],"about":[{"href":"https:\/\/defiendase.com\/index.php\/wp-json\/wp\/v2\/types\/post"}],"author":[{"embeddable":true,"href":"https:\/\/defiendase.com\/index.php\/wp-json\/wp\/v2\/users\/4"}],"replies":[{"embeddable":true,"href":"https:\/\/defiendase.com\/index.php\/wp-json\/wp\/v2\/comments?post=6088"}],"version-history":[{"count":1,"href":"https:\/\/defiendase.com\/index.php\/wp-json\/wp\/v2\/posts\/6088\/revisions"}],"predecessor-version":[{"id":6090,"href":"https:\/\/defiendase.com\/index.php\/wp-json\/wp\/v2\/posts\/6088\/revisions\/6090"}],"wp:featuredmedia":[{"embeddable":true,"href":"https:\/\/defiendase.com\/index.php\/wp-json\/wp\/v2\/media\/6089"}],"wp:attachment":[{"href":"https:\/\/defiendase.com\/index.php\/wp-json\/wp\/v2\/media?parent=6088"}],"wp:term":[{"taxonomy":"category","embeddable":true,"href":"https:\/\/defiendase.com\/index.php\/wp-json\/wp\/v2\/categories?post=6088"},{"taxonomy":"post_tag","embeddable":true,"href":"https:\/\/defiendase.com\/index.php\/wp-json\/wp\/v2\/tags?post=6088"}],"curies":[{"name":"wp","href":"https:\/\/api.w.org\/{rel}","templated":true}]}}