{"id":6042,"date":"2025-06-05T17:16:05","date_gmt":"2025-06-05T20:16:05","guid":{"rendered":"https:\/\/defiendase.com\/?p=6042"},"modified":"2025-06-05T17:16:07","modified_gmt":"2025-06-05T20:16:07","slug":"la-jueza-que-iba-a-juzgar-la-muerte-de-maradona-al-borde-de-ser-destituida","status":"publish","type":"post","link":"https:\/\/defiendase.com\/index.php\/la-jueza-que-iba-a-juzgar-la-muerte-de-maradona-al-borde-de-ser-destituida\/","title":{"rendered":"La jueza que iba a juzgar la muerte de Maradona, al borde de ser destituida"},"content":{"rendered":"\n<p>Julieta Makintach, una de las juezas que integraba el tribunal encargado de llevar adelante<br>el juicio por la muerte de Diego Maradona, fue denunciada por mal desempe\u00f1o por el<br>procurador general bonaerense Julio Conte Grand. El motivo fue su participaci\u00f3n en un<br>documental sobre el caso mientras el proceso judicial todav\u00eda no hab\u00eda dado inicio. La<br>situaci\u00f3n ya hab\u00eda generado conflicto d\u00edas atr\u00e1s, cuando se anul\u00f3 el juicio justo antes de<br>que empiecen los alegatos. Sus colegas del tribunal consideraron que Makintach hab\u00eda<br>perdido autoridad con aparecer en ese documental, lo que probablemente iba a poner en<br>duda todo el proceso.<\/p>\n\n\n\n<p><br>Ahora y con esta denuncia formal, la jueza qued\u00f3 mucho m\u00e1s cerca de ser destituida. El<br>jury de enjuiciamiento deber\u00e1 decidir si efectivamente la jueza rompi\u00f3 las reglas que debe<br>respetar todo magistrado. E procurador argument\u00f3 que su participaci\u00f3n en el documental<br>\u201cLa muerte de Maradona: el juicio\u201d, que fue difundido incluso antes de que el proceso judicial comenzara, \u201ccompromete la imparcialidad que se exige a los jueces\u201d. Adem\u00e1s, advirti\u00f3 que con eso se \u201cafect\u00f3 gravemente el correcto funcionamiento de la administraci\u00f3n de justicia\u201d.<br>Ahora el juicio deber\u00e1 arrancar desde cero, con nuevo tribunal que se sortear\u00e1 el 19 de junio. Mientras tanto, ocho imputados , entre ellos su m\u00e9dico y su psiquiatra que siguen esperando que se defina su situaci\u00f3n.<br>Con esta denuncia, Makintach podr\u00eda perder su cargo. La decisi\u00f3n final est\u00e1 en manos del jurado bonaerense, que va a evaluar si la conducta de la jueza amerita la destituci\u00f3n.<\/p>\n","protected":false},"excerpt":{"rendered":"<p>Julieta Makintach, una de las juezas que integraba el tribunal encargado de llevar adelanteel juicio<\/p>\n","protected":false},"author":4,"featured_media":6043,"comment_status":"open","ping_status":"open","sticky":false,"template":"","format":"standard","meta":{"om_disable_all_campaigns":false,"_monsterinsights_skip_tracking":false,"_monsterinsights_sitenote_active":false,"_monsterinsights_sitenote_note":"","_monsterinsights_sitenote_category":0},"categories":[1],"tags":[],"aioseo_notices":[],"jetpack_featured_media_url":"https:\/\/defiendase.com\/wp-content\/uploads\/2025\/06\/la-jueza-makintach-debe-casi-3-millones-por-multas-de-transito-2033274.jpg","post_mailing_queue_ids":[],"_links":{"self":[{"href":"https:\/\/defiendase.com\/index.php\/wp-json\/wp\/v2\/posts\/6042"}],"collection":[{"href":"https:\/\/defiendase.com\/index.php\/wp-json\/wp\/v2\/posts"}],"about":[{"href":"https:\/\/defiendase.com\/index.php\/wp-json\/wp\/v2\/types\/post"}],"author":[{"embeddable":true,"href":"https:\/\/defiendase.com\/index.php\/wp-json\/wp\/v2\/users\/4"}],"replies":[{"embeddable":true,"href":"https:\/\/defiendase.com\/index.php\/wp-json\/wp\/v2\/comments?post=6042"}],"version-history":[{"count":1,"href":"https:\/\/defiendase.com\/index.php\/wp-json\/wp\/v2\/posts\/6042\/revisions"}],"predecessor-version":[{"id":6044,"href":"https:\/\/defiendase.com\/index.php\/wp-json\/wp\/v2\/posts\/6042\/revisions\/6044"}],"wp:featuredmedia":[{"embeddable":true,"href":"https:\/\/defiendase.com\/index.php\/wp-json\/wp\/v2\/media\/6043"}],"wp:attachment":[{"href":"https:\/\/defiendase.com\/index.php\/wp-json\/wp\/v2\/media?parent=6042"}],"wp:term":[{"taxonomy":"category","embeddable":true,"href":"https:\/\/defiendase.com\/index.php\/wp-json\/wp\/v2\/categories?post=6042"},{"taxonomy":"post_tag","embeddable":true,"href":"https:\/\/defiendase.com\/index.php\/wp-json\/wp\/v2\/tags?post=6042"}],"curies":[{"name":"wp","href":"https:\/\/api.w.org\/{rel}","templated":true}]}}